{"id":46750,"count":1,"description":"","link":"https:\/\/www.elsindical.com.ar\/notas\/tag\/juez-adrian-felix-ferran\/","name":"Juez Adri\u00e1n F\u00e9lix Ferr\u00e1n","slug":"juez-adrian-felix-ferran","taxonomy":"post_tag","meta":[],"_links":{"self":[{"href":"https:\/\/www.elsindical.com.ar\/notas\/wp-json\/wp\/v2\/tags\/46750","targetHints":{"allow":["GET"]}}],"collection":[{"href":"https:\/\/www.elsindical.com.ar\/notas\/wp-json\/wp\/v2\/tags"}],"about":[{"href":"https:\/\/www.elsindical.com.ar\/notas\/wp-json\/wp\/v2\/taxonomies\/post_tag"}],"wp:post_type":[{"href":"https:\/\/www.elsindical.com.ar\/notas\/wp-json\/wp\/v2\/posts?tags=46750"}],"curies":[{"name":"wp","href":"https:\/\/api.w.org\/{rel}","templated":true}]}}