{"id":44021,"count":1,"description":"","link":"https:\/\/www.elsindical.com.ar\/notas\/tag\/bebe-abandonado-via-publica\/","name":"beb\u00e9 abandonado v\u00eda p\u00fablica","slug":"bebe-abandonado-via-publica","taxonomy":"post_tag","meta":[],"_links":{"self":[{"href":"https:\/\/www.elsindical.com.ar\/notas\/wp-json\/wp\/v2\/tags\/44021","targetHints":{"allow":["GET"]}}],"collection":[{"href":"https:\/\/www.elsindical.com.ar\/notas\/wp-json\/wp\/v2\/tags"}],"about":[{"href":"https:\/\/www.elsindical.com.ar\/notas\/wp-json\/wp\/v2\/taxonomies\/post_tag"}],"wp:post_type":[{"href":"https:\/\/www.elsindical.com.ar\/notas\/wp-json\/wp\/v2\/posts?tags=44021"}],"curies":[{"name":"wp","href":"https:\/\/api.w.org\/{rel}","templated":true}]}}