{"id":4398,"count":17,"description":"","link":"https:\/\/www.elsindical.com.ar\/notas\/tag\/jose-leon-suarez\/","name":"Jos\u00e9 Le\u00f3n Su\u00e1rez","slug":"jose-leon-suarez","taxonomy":"post_tag","meta":[],"_links":{"self":[{"href":"https:\/\/www.elsindical.com.ar\/notas\/wp-json\/wp\/v2\/tags\/4398","targetHints":{"allow":["GET"]}}],"collection":[{"href":"https:\/\/www.elsindical.com.ar\/notas\/wp-json\/wp\/v2\/tags"}],"about":[{"href":"https:\/\/www.elsindical.com.ar\/notas\/wp-json\/wp\/v2\/taxonomies\/post_tag"}],"wp:post_type":[{"href":"https:\/\/www.elsindical.com.ar\/notas\/wp-json\/wp\/v2\/posts?tags=4398"}],"curies":[{"name":"wp","href":"https:\/\/api.w.org\/{rel}","templated":true}]}}