{"id":33234,"count":1,"description":"","link":"https:\/\/www.elsindical.com.ar\/notas\/tag\/estacion-dario-santillan-y-maximiliano-kosteki\/","name":"estaci\u00f3n Dar\u00edo Santill\u00e1n y Maximiliano Kosteki","slug":"estacion-dario-santillan-y-maximiliano-kosteki","taxonomy":"post_tag","meta":[],"_links":{"self":[{"href":"https:\/\/www.elsindical.com.ar\/notas\/wp-json\/wp\/v2\/tags\/33234","targetHints":{"allow":["GET"]}}],"collection":[{"href":"https:\/\/www.elsindical.com.ar\/notas\/wp-json\/wp\/v2\/tags"}],"about":[{"href":"https:\/\/www.elsindical.com.ar\/notas\/wp-json\/wp\/v2\/taxonomies\/post_tag"}],"wp:post_type":[{"href":"https:\/\/www.elsindical.com.ar\/notas\/wp-json\/wp\/v2\/posts?tags=33234"}],"curies":[{"name":"wp","href":"https:\/\/api.w.org\/{rel}","templated":true}]}}