{"id":30929,"count":1,"description":"","link":"https:\/\/www.elsindical.com.ar\/notas\/tag\/damian-rubenbenitez\/","name":"Dami\u00e1n Rub\u00e9nBen\u00edtez","slug":"damian-rubenbenitez","taxonomy":"post_tag","meta":[],"_links":{"self":[{"href":"https:\/\/www.elsindical.com.ar\/notas\/wp-json\/wp\/v2\/tags\/30929","targetHints":{"allow":["GET"]}}],"collection":[{"href":"https:\/\/www.elsindical.com.ar\/notas\/wp-json\/wp\/v2\/tags"}],"about":[{"href":"https:\/\/www.elsindical.com.ar\/notas\/wp-json\/wp\/v2\/taxonomies\/post_tag"}],"wp:post_type":[{"href":"https:\/\/www.elsindical.com.ar\/notas\/wp-json\/wp\/v2\/posts?tags=30929"}],"curies":[{"name":"wp","href":"https:\/\/api.w.org\/{rel}","templated":true}]}}