{"id":9993,"date":"2010-10-02T00:44:22","date_gmt":"2010-10-02T03:44:22","guid":{"rendered":"http:\/\/www.elsindical.com.ar\/notas\/?p=9993"},"modified":"2010-10-02T00:44:22","modified_gmt":"2010-10-02T03:44:22","slug":"mercedesmato-al-padre-para-quedarse-con-las-propiedades","status":"publish","type":"post","link":"https:\/\/www.elsindical.com.ar\/notas\/mercedesmato-al-padre-para-quedarse-con-las-propiedades\/","title":{"rendered":"Mercedes:Mat\u00f3 al padre para quedarse con las propiedades"},"content":{"rendered":"<p style=\"text-align: justify;\"><em><a href=\"http:\/\/www.elsindical.com.ar\/notas\/var\/www\/html\/notas\/wp-content\/uploads\/2010\/10\/casa-asesino-Mercedes.jpg\"><img loading=\"lazy\" decoding=\"async\" class=\"alignleft size-medium wp-image-9994\" title=\"casa-asesino-Mercedes\" src=\"http:\/\/www.elsindical.com.ar\/notas\/var\/www\/html\/notas\/wp-content\/uploads\/2010\/10\/casa-asesino-Mercedes-300x192.jpg\" alt=\"\" width=\"300\" height=\"192\" srcset=\"https:\/\/www.elsindical.com.ar\/notas\/var\/www\/html\/notas\/wp-content\/uploads\/2010\/10\/casa-asesino-Mercedes-300x192.jpg 300w, https:\/\/www.elsindical.com.ar\/notas\/var\/www\/html\/notas\/wp-content\/uploads\/2010\/10\/casa-asesino-Mercedes.jpg 325w\" sizes=\"auto, (max-width: 300px) 100vw, 300px\" \/><\/a>Un joven fue detenido acusado de haber asesinado a su padre de un tiro en la cabeza y luego simular que hab\u00eda sido v\u00edctima de un robo, para quedarse con sus propiedades y perjudicar a sus dos hermanastros, informaron fuentes policiales.\u00a0<br \/>\n<\/em>\u00a0<br \/>\nEl hecho que ocurri\u00f3 el 6 de agosto de 2008, en una vivienda ubicada en avenida San Mart\u00edn y 12 Bis de la localidad bonaerense de Mercedes, donde Ariel Andr\u00e9s Blanco (72), fue asesinado de un balazo en la cabeza.<\/p>\n<p style=\"text-align: justify;\">Un hijo de la v\u00edctima, de 22 a\u00f1os, llam\u00f3 al servicio de emergencia 911 y denunci\u00f3 que varios delincuentes hab\u00edan ingresado al domicilio y hab\u00edan matado a su padre, adem\u00e1s de llevarse dinero y objetos de valor.<\/p>\n<p style=\"text-align: justify;\">Con el correr de la investigaci\u00f3n los polic\u00edas fueron encontrando situaciones y datos que no se ajustaban a la escena del crimen y robo, hasta que se pudo determinar que ese asalto no hab\u00eda existido y era una simulaci\u00f3n armada por el hijo de la v\u00edctima.<\/p>\n<p style=\"text-align: justify;\">Adem\u00e1s se pudo comprobar que tras la muerte del anciano su hijo vendi\u00f3 propiedades y veh\u00edculos de su padre qued\u00e1ndose con una cuantiosa herencia en perjuicio de sus dos hermanos, hijos del primer matrimonio de la v\u00edctima.<\/p>\n<p style=\"text-align: justify;\">Tambi\u00e9n, durante la pesquisa, los investigadores descubrieron que el arma homicida, un revolver calibre 38, hab\u00eda sido robado presuntamente por el ahora detenido a un vecino de su padre un tiempo antes del crimen.<\/p>\n<p style=\"text-align: justify;\">Con todos estos datos y argumentos comenz\u00f3 una intensa b\u00fasqueda del joven, que hab\u00eda huido de su domicilio, hasta que hoy fue encontrado cuando sal\u00eda de una vivienda de Bernardo de Irigoyen al 1400 de General Rodr\u00edguez.<\/p>\n<p style=\"text-align: justify;\">El joven fue detenido por efectivos de la Direcci\u00f3n Contra el Secuestro de Personas, dependiente de la Superintendencia de Investigaciones de Delitos Complejos y Crimen Organizado.<\/p>\n<p style=\"text-align: justify;\">Interviene en la causa, caratulada \u00abhomicidio agravado por el v\u00ednculo\u00bb, el Juzgado de Garant\u00edas 1 de Mercedes.\u00a0<\/p>\n","protected":false},"excerpt":{"rendered":"<p>Un joven fue detenido acusado de haber asesinado a su padre de un tiro en la cabeza y luego simular que hab\u00eda sido v\u00edctima de un robo, para quedarse con sus propiedades y perjudicar a sus dos hermanastros, informaron fuentes policiales.\u00a0 \u00a0 El hecho que ocurri\u00f3 el 6 de agosto de 2008, en una vivienda&hellip;<\/p>\n","protected":false},"author":1,"featured_media":0,"comment_status":"open","ping_status":"open","sticky":false,"template":"","format":"standard","meta":{"footnotes":""},"categories":[22],"tags":[1785,362,2203,359,4814],"class_list":["post-9993","post","type-post","status-publish","format-standard","hentry","category-policiales","tag-cabeza","tag-hijo","tag-mercedes","tag-padre","tag-tiro"],"_links":{"self":[{"href":"https:\/\/www.elsindical.com.ar\/notas\/wp-json\/wp\/v2\/posts\/9993","targetHints":{"allow":["GET"]}}],"collection":[{"href":"https:\/\/www.elsindical.com.ar\/notas\/wp-json\/wp\/v2\/posts"}],"about":[{"href":"https:\/\/www.elsindical.com.ar\/notas\/wp-json\/wp\/v2\/types\/post"}],"author":[{"embeddable":true,"href":"https:\/\/www.elsindical.com.ar\/notas\/wp-json\/wp\/v2\/users\/1"}],"replies":[{"embeddable":true,"href":"https:\/\/www.elsindical.com.ar\/notas\/wp-json\/wp\/v2\/comments?post=9993"}],"version-history":[{"count":1,"href":"https:\/\/www.elsindical.com.ar\/notas\/wp-json\/wp\/v2\/posts\/9993\/revisions"}],"predecessor-version":[{"id":9995,"href":"https:\/\/www.elsindical.com.ar\/notas\/wp-json\/wp\/v2\/posts\/9993\/revisions\/9995"}],"wp:attachment":[{"href":"https:\/\/www.elsindical.com.ar\/notas\/wp-json\/wp\/v2\/media?parent=9993"}],"wp:term":[{"taxonomy":"category","embeddable":true,"href":"https:\/\/www.elsindical.com.ar\/notas\/wp-json\/wp\/v2\/categories?post=9993"},{"taxonomy":"post_tag","embeddable":true,"href":"https:\/\/www.elsindical.com.ar\/notas\/wp-json\/wp\/v2\/tags?post=9993"}],"curies":[{"name":"wp","href":"https:\/\/api.w.org\/{rel}","templated":true}]}}