{"id":99858,"date":"2020-10-30T12:41:03","date_gmt":"2020-10-30T15:41:03","guid":{"rendered":"https:\/\/www.elsindical.com.ar\/notas\/?p=99858"},"modified":"2020-10-30T12:41:05","modified_gmt":"2020-10-30T15:41:05","slug":"el-consejo-para-la-prevencion-de-violencias-continuara-con-el-monitoreo-tras-el-desalojo-en-guernica","status":"publish","type":"post","link":"https:\/\/www.elsindical.com.ar\/notas\/el-consejo-para-la-prevencion-de-violencias-continuara-con-el-monitoreo-tras-el-desalojo-en-guernica\/","title":{"rendered":"El Consejo para la Prevenci\u00f3n de Violencias continuar\u00e1 con el monitoreo tras el desalojo en Guernica"},"content":{"rendered":"\n<figure class=\"wp-block-image size-large\"><img loading=\"lazy\" decoding=\"async\" width=\"829\" height=\"466\" src=\"https:\/\/www.elsindical.com.ar\/notas\/var\/www\/html\/notas\/wp-content\/uploads\/2020\/10\/desalojo-Guernica.jpg\" alt=\"\" class=\"wp-image-99859\" srcset=\"https:\/\/www.elsindical.com.ar\/notas\/var\/www\/html\/notas\/wp-content\/uploads\/2020\/10\/desalojo-Guernica.jpg 829w, https:\/\/www.elsindical.com.ar\/notas\/var\/www\/html\/notas\/wp-content\/uploads\/2020\/10\/desalojo-Guernica-300x169.jpg 300w, https:\/\/www.elsindical.com.ar\/notas\/var\/www\/html\/notas\/wp-content\/uploads\/2020\/10\/desalojo-Guernica-768x432.jpg 768w, https:\/\/www.elsindical.com.ar\/notas\/var\/www\/html\/notas\/wp-content\/uploads\/2020\/10\/desalojo-Guernica-500x281.jpg 500w, https:\/\/www.elsindical.com.ar\/notas\/var\/www\/html\/notas\/wp-content\/uploads\/2020\/10\/desalojo-Guernica-460x260.jpg 460w\" sizes=\"auto, (max-width: 829px) 100vw, 829px\" \/><\/figure>\n\n\n\n<p>El Consejo para la Prevenci\u00f3n de las Violencias (COPREVIOL), creado por el Defensor del Pueblo de la provincia de Buenos Aires, manifest\u00f3 su \u201cen\u00e9rgico rechazo a que la tem\u00e1tica de tierras y acceso justo al h\u00e1bitat tr\u00e1mite ante el fuero penal\u201d.<\/p>\n\n\n\n<p>\u201cAacompa\u00f1amos la iniciativa encabezada por el Ministerio de Desarrollo de la Comunidad, de desplegar el \u201cDispositivo Interministerial de Presidente Per\u00f3n\u201d, del que participaron, a nivel provincial,&nbsp; el Organismo Provincial de Ni\u00f1ez y Adolescencia; el Ministerio de Salud; el Ministerio de las Mujeres; Pol\u00edticas de G\u00e9nero y Diversidad Sexual; el Ministerio de Justicia y Derechos Humanos; el Ministerio de Seguridad; la Defensor\u00eda del Pueblo de la Provincia de Buenos Aires; la Subsecretar\u00eda de Poblaci\u00f3n, Territorio y Desarrollo Sustentable; el Registro de la Propiedad; la Autoridad del Agua; y la Direcci\u00f3n Provincial de Inmuebles. Tambi\u00e9n, tomaron parte activa, a nivel nacional, el Ministerio de Desarrollo Social de la Naci\u00f3n; la ANSES; el Ministerio del Interior; la Secretar\u00eda Integral Social Urbana; y el Instituto Geogr\u00e1fico Nacional. Todos ellos, junto a la intervenci\u00f3n y gesti\u00f3n de los Municipios de Presidente Per\u00f3n, Almirante Brown, Lomas de Zamora, San Vicente, Quilmes, Esteban Echeverr\u00eda, Florencio Varela y Ezeiza\u201d, detallaron desde el organismo.<\/p>\n\n\n\n<p>El dispositivo involucr\u00f3 a 396 trabajadores\/as, y fueron asistidas 3.296 familias (2.500 familias por fuera de la toma pudieron acceder a derechos por v\u00eda de las ventanillas de ANSES, RENAPER, Migraciones y Salud). A su vez, se realiz\u00f3 un censo del que participaron 1.904 personas, y a instancias del que se firmaron 724 actas-compromiso para la posterior relocalizaci\u00f3n.&nbsp; En paralelo, desde el Poder Ejecutivo de la Provincia de Buenos Aires se lanz\u00f3 el \u201cPlan de H\u00e1bitat, Suelo y Vivienda 2020-2023\u201d por el que se cre\u00f3 la Unidad Provincial de Tierra y Vivienda con miras a coordinar las pol\u00edticas de generaci\u00f3n de suelo urbano y desarrollo de soluciones habitacionales en el \u00e1mbito de la provincia de Buenos Aires.<\/p>\n\n\n\n<p>\u201cEste jueves se llev\u00f3 adelante el desalojo, con participaci\u00f3n activa de las fuerzas de seguridad de la provincia de Buenos Aires. Parte de los organismos y organizaciones que componen el CROPEVIOL han intervenido, a requerimiento del Poder Judicial, en car\u00e1cter de veedores. En dicho sentido, nos encontramos realizando una evaluaci\u00f3n exhaustiva del procedimiento y las acciones desplegadas por la polic\u00eda, velando por la integridad y los derechos de las personas que resultaron aprehendidas, e interactuando con las diversas agencias estatales involucradas en miras a que se brinde una respuesta a las familias desalojadas, y se d\u00e9 efectivo cumplimiento a las acciones a adoptar por el Estado provincial\u201d, detall\u00f3 el Consejo..<\/p>\n\n\n\n<p>\u201cReiteramos que la gesti\u00f3n multiagencial, pac\u00edfica y comprensiva de la problem\u00e1tica de tierra y vivienda, debe estar a lo reglado por la Ley 14.449 y la Constituci\u00f3n de la provincia de Buenos Aires, y exenta de la intervenci\u00f3n del fuero penal. Tal como ha quedado de manifiesto s\u00f3lo la articulaci\u00f3n pol\u00edtica en sus distintos niveles puede conducir en forma id\u00f3nea a la resoluci\u00f3n de cuestiones con m\u00faltiples aristas de complejidad, en los que se exhibe con crudeza la interseccionalidad de las condiciones de vulnerabilidad. Solicitamos, adem\u00e1s, que se retomen los di\u00e1logos y negociaciones en af\u00e1n de alcanzar soluciones estructurales y sustentables en el tiempo\u201d, finaliz\u00f3 el organismo dependiente de la Defensor\u00eda del Pueblo bonaerense.<\/p>\n","protected":false},"excerpt":{"rendered":"<p>El Consejo para la Prevenci\u00f3n de las Violencias (COPREVIOL), creado por el Defensor del Pueblo de la provincia de Buenos Aires, manifest\u00f3 su \u201cen\u00e9rgico rechazo a que la tem\u00e1tica de tierras y acceso justo al h\u00e1bitat tr\u00e1mite ante el fuero penal\u201d. \u201cAacompa\u00f1amos la iniciativa encabezada por el Ministerio de Desarrollo de la Comunidad, de desplegar&hellip;<\/p>\n","protected":false},"author":1,"featured_media":99859,"comment_status":"open","ping_status":"open","sticky":false,"template":"","format":"standard","meta":{"footnotes":""},"categories":[8],"tags":[33733,27530,199,2450,3850,33734],"class_list":["post-99858","post","type-post","status-publish","format-standard","has-post-thumbnail","hentry","category-derechos-humanos","tag-copreviol","tag-defensor-del-pueblo-bonaerense","tag-desalojo","tag-diario-el-sindical","tag-guernica","tag-ley-14-449"],"_links":{"self":[{"href":"https:\/\/www.elsindical.com.ar\/notas\/wp-json\/wp\/v2\/posts\/99858","targetHints":{"allow":["GET"]}}],"collection":[{"href":"https:\/\/www.elsindical.com.ar\/notas\/wp-json\/wp\/v2\/posts"}],"about":[{"href":"https:\/\/www.elsindical.com.ar\/notas\/wp-json\/wp\/v2\/types\/post"}],"author":[{"embeddable":true,"href":"https:\/\/www.elsindical.com.ar\/notas\/wp-json\/wp\/v2\/users\/1"}],"replies":[{"embeddable":true,"href":"https:\/\/www.elsindical.com.ar\/notas\/wp-json\/wp\/v2\/comments?post=99858"}],"version-history":[{"count":1,"href":"https:\/\/www.elsindical.com.ar\/notas\/wp-json\/wp\/v2\/posts\/99858\/revisions"}],"predecessor-version":[{"id":99860,"href":"https:\/\/www.elsindical.com.ar\/notas\/wp-json\/wp\/v2\/posts\/99858\/revisions\/99860"}],"wp:featuredmedia":[{"embeddable":true,"href":"https:\/\/www.elsindical.com.ar\/notas\/wp-json\/wp\/v2\/media\/99859"}],"wp:attachment":[{"href":"https:\/\/www.elsindical.com.ar\/notas\/wp-json\/wp\/v2\/media?parent=99858"}],"wp:term":[{"taxonomy":"category","embeddable":true,"href":"https:\/\/www.elsindical.com.ar\/notas\/wp-json\/wp\/v2\/categories?post=99858"},{"taxonomy":"post_tag","embeddable":true,"href":"https:\/\/www.elsindical.com.ar\/notas\/wp-json\/wp\/v2\/tags?post=99858"}],"curies":[{"name":"wp","href":"https:\/\/api.w.org\/{rel}","templated":true}]}}