{"id":99714,"date":"2020-10-25T11:37:56","date_gmt":"2020-10-25T14:37:56","guid":{"rendered":"https:\/\/www.elsindical.com.ar\/notas\/?p=99714"},"modified":"2020-10-25T11:37:56","modified_gmt":"2020-10-25T14:37:56","slug":"capital-federal-447-nuevos-casos-de-coronavirus-y-43-muertes-en-las-ultimas-24-horas","status":"publish","type":"post","link":"https:\/\/www.elsindical.com.ar\/notas\/capital-federal-447-nuevos-casos-de-coronavirus-y-43-muertes-en-las-ultimas-24-horas\/","title":{"rendered":"Capital Federal: 447 nuevos casos de coronavirus y 43 muertes en las \u00faltimas 24 horas"},"content":{"rendered":"\n<figure class=\"wp-block-image size-large\"><img loading=\"lazy\" decoding=\"async\" width=\"1004\" height=\"565\" src=\"https:\/\/www.elsindical.com.ar\/notas\/var\/www\/html\/notas\/wp-content\/uploads\/2020\/10\/COVID-CABA.jpg\" alt=\"\" class=\"wp-image-99715\" srcset=\"https:\/\/www.elsindical.com.ar\/notas\/var\/www\/html\/notas\/wp-content\/uploads\/2020\/10\/COVID-CABA.jpg 1004w, https:\/\/www.elsindical.com.ar\/notas\/var\/www\/html\/notas\/wp-content\/uploads\/2020\/10\/COVID-CABA-300x169.jpg 300w, https:\/\/www.elsindical.com.ar\/notas\/var\/www\/html\/notas\/wp-content\/uploads\/2020\/10\/COVID-CABA-768x432.jpg 768w, https:\/\/www.elsindical.com.ar\/notas\/var\/www\/html\/notas\/wp-content\/uploads\/2020\/10\/COVID-CABA-500x281.jpg 500w, https:\/\/www.elsindical.com.ar\/notas\/var\/www\/html\/notas\/wp-content\/uploads\/2020\/10\/COVID-CABA-460x260.jpg 460w\" sizes=\"auto, (max-width: 1004px) 100vw, 1004px\" \/><\/figure>\n\n\n\n<p class=\"wp-block-paragraph\">Desde la llegada de la pandemia al pa\u00eds, en marzo pasado, el Ministerio de Salud porte\u00f1o contabiliz\u00f3 143.867 contagios y 4.870 fallecidos, mientras que 199.698 personas recibieron el alta.<\/p>\n\n\n\n<p class=\"wp-block-paragraph\">Un total de 447 nuevos casos y 43 muertos por <strong>Coronavirus<\/strong> fueron reportados en las \u00faltimas 24 horas en la <strong>Ciudad de Buenos Aires<\/strong>, lo que elev\u00f3 a 4.870 <strong>el n\u00famero de fallecidos <\/strong>en el distrito y a 143.867 el de <strong>contagiados <\/strong>desde la llegada de la<strong> Pandemia<\/strong>.<\/p>\n\n\n\n<p class=\"wp-block-paragraph\">La <strong>ocupaci\u00f3n de camas de terapia intensiva<\/strong> es del 38,8%, inform\u00f3 esta ma\u00f1ana el Ministerio de Salud porte\u00f1o en el parte diario de la situaci\u00f3n sanitaria.<\/p>\n\n\n\n<p class=\"wp-block-paragraph\">En ese sentido, precisaron que en el sistema de salud p\u00fablica est\u00e1n ocupadas 175 camas cr\u00edticas sobre un total de 450, mientras en los casos moderados la ocupaci\u00f3n es de 20,3% (305 sobre 1.500 disponibles) y en los leves 11% (554 sobre 5.000).<\/p>\n\n\n\n<p class=\"wp-block-paragraph\">En cuanto a la <strong>tasa de letalidad<\/strong>, es decir el porcentaje de decesos sobre diagn\u00f3sticos positivos, se ubica en el 3,39%.<\/p>\n\n\n\n<p class=\"wp-block-paragraph\">El parte del Gobierno porte\u00f1o a\u00f1adi\u00f3 que 674 pacientes fueron dados de alta este s\u00e1bado, con lo cual suman 119.698 las<strong> personas recuperadas<\/strong> desde el inicio de la pandemia.<\/p>\n\n\n\n<p class=\"wp-block-paragraph\">Por otra parte, el sistema de salud del distrito notific\u00f3 414 nuevos casos de coronavirus correspondientes a<strong> personas no residentes en la Ciudad<\/strong>, con lo cual el total acumulado lleg\u00f3 a 108.451 mientras que 5 no residentes fallecieron (1.473 acumulado) y 661 fueron dados de alta (92.867 acumulado).<\/p>\n\n\n\n<p class=\"wp-block-paragraph\">Desde la llegada de la pandemia a la Argentina, a inicios de marzo \u00faltimo, realizaron en la Ciudad de Buenos Aires un total de 662.817<strong> hisopados<\/strong>, con un <strong>\u00edndice de positividad <\/strong>(casos confirmados sobre pruebas realizadas) acumulado de 38,4%, de los cuales 394.165 se realizaron a residentes del distrito, con una positividad del 37,4%.<\/p>\n\n\n\n<p class=\"wp-block-paragraph\">Del total de los 3.788 hisopados reportados este s\u00e1bado&nbsp;(22,7% de positividad), 1.935 se realizaron para residentes de la Ciudad (23,1% de positividad); y&nbsp;en los \u00faltimos siete d\u00edas, realizaron 5,8 test cada mil habitantes.<\/p>\n\n\n\n<p class=\"wp-block-paragraph\">Informaron adem\u00e1s que <strong>en los barrios populares porte\u00f1os<\/strong> fueron notificados 18 nuevos casos de coronavirus este s\u00e1bado, mientras que 13 personas fueron dadas de alta y se registr\u00f3 un deceso.<\/p>\n\n\n\n<p class=\"wp-block-paragraph\">El total acumulado de fallecidos en esos conglomerados es de 262, mientras que la cantidad de personas contagiadas desde marzo pasado es de 16.974, las altas son 15.698 y la tasa de letalidad es de 1,54%.<\/p>\n","protected":false},"excerpt":{"rendered":"<p>Desde la llegada de la pandemia al pa\u00eds, en marzo pasado, el Ministerio de Salud porte\u00f1o contabiliz\u00f3 143.867 contagios y 4.870 fallecidos, mientras que 199.698 personas recibieron el alta. Un total de 447 nuevos casos y 43 muertos por Coronavirus fueron reportados en las \u00faltimas 24 horas en la Ciudad de Buenos Aires, lo que&hellip;<\/p>\n","protected":false},"author":1,"featured_media":99715,"comment_status":"open","ping_status":"open","sticky":false,"template":"","format":"standard","meta":{"footnotes":""},"categories":[23],"tags":[4284,19938,32346,2450,134,32620],"class_list":["post-99714","post","type-post","status-publish","format-standard","has-post-thumbnail","hentry","category-salud","tag-caba","tag-contagios","tag-coronavirus","tag-diario-el-sindical","tag-muertes","tag-pandemia"],"_links":{"self":[{"href":"https:\/\/www.elsindical.com.ar\/notas\/wp-json\/wp\/v2\/posts\/99714","targetHints":{"allow":["GET"]}}],"collection":[{"href":"https:\/\/www.elsindical.com.ar\/notas\/wp-json\/wp\/v2\/posts"}],"about":[{"href":"https:\/\/www.elsindical.com.ar\/notas\/wp-json\/wp\/v2\/types\/post"}],"author":[{"embeddable":true,"href":"https:\/\/www.elsindical.com.ar\/notas\/wp-json\/wp\/v2\/users\/1"}],"replies":[{"embeddable":true,"href":"https:\/\/www.elsindical.com.ar\/notas\/wp-json\/wp\/v2\/comments?post=99714"}],"version-history":[{"count":1,"href":"https:\/\/www.elsindical.com.ar\/notas\/wp-json\/wp\/v2\/posts\/99714\/revisions"}],"predecessor-version":[{"id":99716,"href":"https:\/\/www.elsindical.com.ar\/notas\/wp-json\/wp\/v2\/posts\/99714\/revisions\/99716"}],"wp:featuredmedia":[{"embeddable":true,"href":"https:\/\/www.elsindical.com.ar\/notas\/wp-json\/wp\/v2\/media\/99715"}],"wp:attachment":[{"href":"https:\/\/www.elsindical.com.ar\/notas\/wp-json\/wp\/v2\/media?parent=99714"}],"wp:term":[{"taxonomy":"category","embeddable":true,"href":"https:\/\/www.elsindical.com.ar\/notas\/wp-json\/wp\/v2\/categories?post=99714"},{"taxonomy":"post_tag","embeddable":true,"href":"https:\/\/www.elsindical.com.ar\/notas\/wp-json\/wp\/v2\/tags?post=99714"}],"curies":[{"name":"wp","href":"https:\/\/api.w.org\/{rel}","templated":true}]}}