{"id":997,"date":"2009-10-10T13:37:02","date_gmt":"2009-10-10T16:37:02","guid":{"rendered":"http:\/\/www.elsindical.com.ar\/notas\/?p=997"},"modified":"2009-10-10T13:37:02","modified_gmt":"2009-10-10T16:37:02","slug":"tras-20-horas-de-debate-el-senado-aprobo-sin-cambios-la-ley-de-medios","status":"publish","type":"post","link":"https:\/\/www.elsindical.com.ar\/notas\/tras-20-horas-de-debate-el-senado-aprobo-sin-cambios-la-ley-de-medios\/","title":{"rendered":"Tras 20 horas de debate, el Senado aprob\u00f3 sin cambios la ley de Medios"},"content":{"rendered":"<p style=\"text-align: justify;\"><em><img loading=\"lazy\" decoding=\"async\" class=\"alignleft size-full wp-image-998\" title=\"Senado-votaci\u00f3n\" src=\"http:\/\/www.elsindical.com.ar\/notas\/var\/www\/html\/notas\/wp-content\/uploads\/2009\/10\/Senado-votaci\u00f3n.jpg\" alt=\"Senado-votaci\u00f3n\" width=\"198\" height=\"214\" \/>La C\u00e1mara alta convirti\u00f3 en ley el proyecto de Medios de Comunicaci\u00f3n Audiovisual con los votos del Frente para la Victoria y de algunos legisladores de la oposici\u00f3n, tras un extenso debate que se inici\u00f3 ayer a media ma\u00f1ana y termin\u00f3 a las 6.10. La votaci\u00f3n general arroj\u00f3 44 votos a favor y 24 en contra.<\/em><\/p>\n<p style=\"text-align: justify;\">La nueva Ley de Radiodifusi\u00f3n tiene como objetivos terminar con los monopolios en radio y televisi\u00f3n y darle participaci\u00f3n en el espectro radiof\u00f3nico a entidades sin fines de lucro, entidades con fines de lucro y al Estado Nacional, los tres por partes iguales.<\/p>\n<p>El proyecto se debati\u00f3 durante casi 20 horas, entre las 10,30 de la ma\u00f1ana del viernes 9 y las 6 de la ma\u00f1ana del s\u00e1bado 10 de octubre, principalmente, porque hubo m\u00e1s de 50 oradores, la mayor\u00eda de los cuales habl\u00f3 durante por lo menos media hora.<\/p>\n<p>S\u00f3lo la discusi\u00f3n en general de la norma llev\u00f3 16 horas, hasta la 2:30 de la ma\u00f1ana, cuando el proyecto fue aprobado por 44 votos a favor y 24 en contra. A la votaci\u00f3n faltaron Roberto Urqu\u00eda (PJ) y Norberto Massoni (UCR), de licencia por enfermedad, y Carlos Menem, del PJ disidente, que se fue del Congreso, y Emilio Rached, del radicalismo que lleg\u00f3 tarde al momento de votar.<\/p>\n<p>A los votos afirmativos del Frente para la Victoria se sumaron el del socialista Rub\u00e9n Giustiniani, el tucumano de Fuerza Republicana, Carlos Salazar; los fueguinos del ex ARI, Mar\u00eda Rosa D\u00edaz y Jos\u00e9 Mart\u00ednez; y la radical correntina Mar\u00eda Dora S\u00e1nchez.<\/p>\n<p>En particular la norma tambi\u00e9n obtuvo el respaldo de la mayor\u00eda del bloque oficialista en tanto que los senadores de la oposici\u00f3n que apoyaron la iniciativa fueron los ex ARI y la senadora S\u00e1nchez, incluyendo los art\u00edculos m\u00e1s cuestionados por la oposici\u00f3n, como el 161, que fue aprobado con 10 votos a favor del oficialismo.<\/p>\n<p>La larga jornada tuvo una instancia final, cuando en la votaci\u00f3n de los \u00faltimos art\u00edculos, el \u00abapuro\u00bb de algunos senadores por dejar el recinto, hizo que se levantasen de sus bancas antes que la m\u00e1quina que registra los votos terminase de efectuar el recuento, lo que oblig\u00f3 a que, tras varios minutos de espera, debiera realizarse una votaci\u00f3n nominal.<\/p>\n<p>Al cerrar el extenso debate, el jefe del bloque oficialista, Miguel Angel Pichetto dijo: \u00abesta es una norma moderada\u00bb que \u00abatiende la problem\u00e1tica de las grandes empresas en la Argentina porque les permite mantener una cuota importante del espacio audiovisual, como es el 35 por ciento\u00bb.<\/p>\n<p>\u00abLa ley plantea nuevos espacios de trabajo, especialmente para los periodistas. El coraz\u00f3n del debate de esta Ley es el de la posici\u00f3n dominante, por no llamarla monop\u00f3lica\u00bb, indic\u00f3 Pichetto.<\/p>\n<p>A su turno, su par del radicalismo, Ernesto Sanz, dijo que \u00abeste gobierno utiliz\u00f3 los dineros p\u00fablicos para premiar a amigos que hablaban bien del gobierno y para castigar a aquellos que hablaban mal\u00bb.<\/p>\n<p>El jefe de bloque dijo que \u00abel peligro de que haya menos medios y menos voces no es una subjetividad\u00bb y agreg\u00f3 que \u00abqueremos una Ley que adem\u00e1s de ser buena, trascienda en el tiempo\u00bb.<\/p>\n<p>El presidente de la Comisi\u00f3n de Presupuesto y Hacienda, Fabi\u00e1n R\u00edos, dijo que \u00abes m\u00e1s f\u00e1cil poner mordaza en la libertad de expresi\u00f3n con la Ley vigente, con este marco legal\u00bb.<\/p>\n<p>\u00abLo \u00fanico que nos anima es a romper esta matriz autoritaria para que cualquiera no pueda decir cualquier cosa\u00bb, enfatiz\u00f3 R\u00edos al hacer referencia a la vinculaci\u00f3n que realiz\u00f3 el diputado electo Felipe Sol\u00e1 entre el crimen de un intermediario de publicidad provincial en Corrientes con la Ley de Medios que se vot\u00f3 esta noche.<\/p>\n<p>El juje\u00f1o, y presidente de la UCR, Gerardo Morales, pidi\u00f3 \u00abdejar la hipocres\u00eda de lado\u00bb y afirm\u00f3 que \u00abtodos queremos una ley de la democracia y nos preguntamos por qu\u00e9 este gobierno no acepta cambios\u00bb.<\/p>\n<p>Adem\u00e1s, Morales plante\u00f3 una cuesti\u00f3n de privilegio contra la correntina Mar\u00eda Dora S\u00e1nchez que decidi\u00f3 cambiar su voto por la Ley, al remarcar que \u00abla senadora admiti\u00f3 que pasaba a votar a favor por un objetivo de promesas de recursos para su provincia\u00bb.<\/p>\n<p><strong>An\u00edbal Fern\u00e1ndez: \u00abNosotros planteamos una ley que permite democratizar los medios\u00bb<\/strong><\/p>\n<p>Al retirarse del Congreso, el jefe de Gabinete record\u00f3 que la ley hab\u00eda sido presentada por Alfons\u00edn, Menem y De la R\u00faa y ninguno la pudo llevar a la pr\u00e1tica\u00bb. Adem\u00e1s, dijo que fue ampliamente consultada y que se \u00abcumpli\u00f3\u00bb con todos los pasos propuestos. \u00abEs una ley que nos merec\u00edamos los argentinos\u00bb.<\/p>\n<p>El ministro asegur\u00f3 que para el Gobierno la ley aprobada con el n\u00famero 26522 \u00absonaba muy ambiciosa, no somos inventores (de la ley), trabajamos mucho tiempo\u00bb y record\u00f3 que \u00abya hab\u00eda sido presentada por (los ex presidentes) Alfons\u00edn, Menem y De la R\u00faa y ninguno la pudo llevar a la pr\u00e1ctica. Nosotros s\u00ed\u00bb.<\/p>\n<p>Asimismo, rese\u00f1o que \u00abla hicimos ver por m\u00e1s de 80 foros, en audiencias p\u00fablicas, e hicimos m\u00e1s de 200 modificaciones. Se consult\u00f3 a tantos constitucionalistas como fueron necesarios, revisamos el tema como para poner a consideraci\u00f3n del Congreso una ley de la altura de lo que los argentinos nos merec\u00edamos\u00bb.<\/p>\n<p>Sobre la sesi\u00f3n que comenz\u00f3 ayer a las 10.30 y finaliz\u00f3 hoy a las 6, Fern\u00e1ndez evalu\u00f3 que \u00abse trabaj\u00f3 muy fuertemente\u00bb y que \u00abvamos a ver los frutos con mucha satisfacci\u00f3n\u00bb.<\/p>\n<p>Fern\u00e1ndez explic\u00f3 que el apoyo que recibi\u00f3 de senadores y diputados de otras fuerzas se debe a que la ley \u00abtiene que cortar transversalmente a todo el mundo y tiene que ver con la pol\u00edtica, con el proyecto que se piensa respecto de los medios y de la vocaci\u00f3n que se tiene de transformaci\u00f3n\u00bb<\/p>\n<p>\u00abUno tiene que apostar a esa transformaci\u00f3n que inicialmente definimos como el eje central de nuestro propio proyecto\u00bb, sostuvo.<\/p>\n<p>Consultado acerca de las cr\u00edticas de la oposici\u00f3n, el jefe de Gabinete consider\u00f3 que \u00abcada uno tiene el derecho de hacer su interpretaci\u00f3n y nosotros no tenemos por qu\u00e9 cercenar a nadie\u00bb.<\/p>\n<p>Y subray\u00f3 que \u00ablos derechos humanos que defendemos, y que el mundo nos reconoce, hablan del derecho a la vida y la a la libertad de expresi\u00f3n, y vamos a sostenerlo de la mejor manera\u00bb.<\/p>\n<p>En ese marco, se\u00f1al\u00f3 que \u00abtambi\u00e9n hubo hombres y mujeres de nuestras propias listas que tuvieron una posici\u00f3n adversa. Son reglas del juego que no nos tienen porqu\u00e9 asustar\u00bb, asegur\u00f3 en declaraciones a radio Mitre.<\/p>\n<p>Sobre las derivaciones legales que pueda tener la ley una vez reglamentada, Fern\u00e1ndez sostuvo que \u00ablas demandas judiciales en el mejor o en el peor proyecto, son siempre pasibles de ser utilizadas porque es un derecho de cualquier ciudadano y nada tiene que asustarnos\u00bb.<\/p>\n<p>\u00abTenemos que tener tranquilidad porque el proyecto que hemos presentado es serio, consensuado, respetuoso, contempla todas las posibilidades y no coarta la libertad de aquel que entiende que puede presentarse a la justicia para reclamar lo que considere justo\u00bb.<\/p>\n<p>Sobre el art\u00edculo referido a la cl\u00e1usula de desinversi\u00f3n, enumer\u00f3 antecedentes similares ocurridos en todo el mundo.<\/p>\n<p>\u00abEstados Unidos oblig\u00f3 a Microsoft a desinvertir una parte de su propio patrimonio y en la Argentina siendo yo ministro de la Producci\u00f3n se hizo la venta de cervecer\u00eda Quilmes y se oblig\u00f3 a desprenderse de varias plantas\u00bb, dijo Fern\u00e1ndez a modo de ejemplo.<\/p>\n<p>Consultado sobre los pr\u00f3ximos pasos con respecto a la vigencia de la ley, el jefe de Gabinete precis\u00f3 que luego de reglamentarla \u00abhay que poner en funcionamiento la autoridad de aplicaci\u00f3n, nombrar la conducci\u00f3n del Comfer en los tiempos que marca la ley\u00bb.<\/p>\n<p>\u00abHay que poner a reglamentar en el tiempo m\u00e1s corto posible, esa es una atribuci\u00f3n del Poder Ejecutivo por el art\u00edculo 99 inciso segundo de la Constituci\u00f3n Nacional\u00bb, precis\u00f3.<\/p>\n<p>Fern\u00e1ndez se retir\u00f3 del Congreso luego de realizar el tr\u00e1mite administrativo del traspaso de mando presidencial una vez que la presidenta Cristina Fern\u00e1ndez de Kirchner parta esta tarde hacia India.<\/p>\n","protected":false},"excerpt":{"rendered":"<p>La C\u00e1mara alta convirti\u00f3 en ley el proyecto de Medios de Comunicaci\u00f3n Audiovisual con los votos del Frente para la Victoria y de algunos legisladores de la oposici\u00f3n, tras un extenso debate que se inici\u00f3 ayer a media ma\u00f1ana y termin\u00f3 a las 6.10. La votaci\u00f3n general arroj\u00f3 44 votos a favor y 24 en&hellip;<\/p>\n","protected":false},"author":1,"featured_media":0,"comment_status":"open","ping_status":"open","sticky":false,"template":"","format":"standard","meta":{"footnotes":""},"categories":[13],"tags":[87,563,566,564,565],"class_list":["post-997","post","type-post","status-publish","format-standard","hentry","category-politica","tag-ley","tag-medios","tag-oficialismo","tag-senado","tag-votacion"],"_links":{"self":[{"href":"https:\/\/www.elsindical.com.ar\/notas\/wp-json\/wp\/v2\/posts\/997","targetHints":{"allow":["GET"]}}],"collection":[{"href":"https:\/\/www.elsindical.com.ar\/notas\/wp-json\/wp\/v2\/posts"}],"about":[{"href":"https:\/\/www.elsindical.com.ar\/notas\/wp-json\/wp\/v2\/types\/post"}],"author":[{"embeddable":true,"href":"https:\/\/www.elsindical.com.ar\/notas\/wp-json\/wp\/v2\/users\/1"}],"replies":[{"embeddable":true,"href":"https:\/\/www.elsindical.com.ar\/notas\/wp-json\/wp\/v2\/comments?post=997"}],"version-history":[{"count":2,"href":"https:\/\/www.elsindical.com.ar\/notas\/wp-json\/wp\/v2\/posts\/997\/revisions"}],"predecessor-version":[{"id":1000,"href":"https:\/\/www.elsindical.com.ar\/notas\/wp-json\/wp\/v2\/posts\/997\/revisions\/1000"}],"wp:attachment":[{"href":"https:\/\/www.elsindical.com.ar\/notas\/wp-json\/wp\/v2\/media?parent=997"}],"wp:term":[{"taxonomy":"category","embeddable":true,"href":"https:\/\/www.elsindical.com.ar\/notas\/wp-json\/wp\/v2\/categories?post=997"},{"taxonomy":"post_tag","embeddable":true,"href":"https:\/\/www.elsindical.com.ar\/notas\/wp-json\/wp\/v2\/tags?post=997"}],"curies":[{"name":"wp","href":"https:\/\/api.w.org\/{rel}","templated":true}]}}