{"id":9969,"date":"2010-10-01T01:18:38","date_gmt":"2010-10-01T04:18:38","guid":{"rendered":"http:\/\/www.elsindical.com.ar\/notas\/?p=9969"},"modified":"2010-10-01T01:18:38","modified_gmt":"2010-10-01T04:18:38","slug":"u-e-r-de-antecedentes-penales-en-avellaneda","status":"publish","type":"post","link":"https:\/\/www.elsindical.com.ar\/notas\/u-e-r-de-antecedentes-penales-en-avellaneda\/","title":{"rendered":"U.E.R. de Antecedentes Penales en Avellaneda"},"content":{"rendered":"<p style=\"text-align: justify;\"><em><a href=\"http:\/\/www.elsindical.com.ar\/notas\/var\/www\/html\/notas\/wp-content\/uploads\/2010\/10\/UER-Avellaneda.jpg\"><img loading=\"lazy\" decoding=\"async\" class=\"alignleft size-medium wp-image-9970\" title=\"UER-Avellaneda\" src=\"http:\/\/www.elsindical.com.ar\/notas\/var\/www\/html\/notas\/wp-content\/uploads\/2010\/10\/UER-Avellaneda-300x230.jpg\" alt=\"\" width=\"300\" height=\"230\" srcset=\"https:\/\/www.elsindical.com.ar\/notas\/var\/www\/html\/notas\/wp-content\/uploads\/2010\/10\/UER-Avellaneda-300x230.jpg 300w, https:\/\/www.elsindical.com.ar\/notas\/var\/www\/html\/notas\/wp-content\/uploads\/2010\/10\/UER-Avellaneda.jpg 413w\" sizes=\"auto, (max-width: 300px) 100vw, 300px\" \/><\/a>Continu\u00e1ndo con\u00a0el Plan Nacional de Descentralizaci\u00f3n que lleva a cabo el Registro Nacional de Reincidencia, se inaugur\u00f3 la Unidad de Expedici\u00f3n y Recepci\u00f3n de Antecedentes Penales (U.E.R.) en la Ciudad de Avellaneda.<\/em><\/p>\n<p style=\"text-align: justify;\">El acto de apertura cont\u00f3 con la presencia del Intendente de la Ciudad, Ing. Jorge Ferraresi, el Subsecretario de Asuntos Registrales del Ministerio de Justicia, Seguridad y Derechos Humanos, Dr. Oscar Martini, la Directora del Registro Nacional de Reincidencia, Dra. M\u00f3nica Litza y dem\u00e1s funcionarios.<\/p>\n<p>Al respecto, Litza asegur\u00f3 que la inauguraci\u00f3n del nuevo centro \u201c<em>es un paso muy importante para consolidar la descentralizaci\u00f3n de servicios del organismo que forman parte de las pol\u00edticas de estado que buscamos fortalecer d\u00eda a d\u00eda en materia de seguridad\u201d.<br \/>\n<\/em><br \/>\n\u201c<em>Constituye un hecho muy importante abrir este primer centro en mi ciudad, Avellaneda. Nos comprometemos a seguir trabajando para poder conformar en breve, una basta red de centros de este tipo que faciliten el r\u00e1pido acceso a la informaci\u00f3n para la mayor cantidad de vecinos\u201d, <\/em>asegur\u00f3 la Directora de Reincidencia.<\/p>\n<p>En el nuevo Centro de Atenci\u00f3n, ubicado en la Av. Mitre 366 Edificio del Palacio Viejo, los vecinos de Avellaneda podr\u00e1n tramitar el certificado de antecedentes penales de manera \u00e1gil y sin traslados ni gastos innecesarios.<\/p>\n","protected":false},"excerpt":{"rendered":"<p>Continu\u00e1ndo con\u00a0el Plan Nacional de Descentralizaci\u00f3n que lleva a cabo el Registro Nacional de Reincidencia, se inaugur\u00f3 la Unidad de Expedici\u00f3n y Recepci\u00f3n de Antecedentes Penales (U.E.R.) en la Ciudad de Avellaneda. El acto de apertura cont\u00f3 con la presencia del Intendente de la Ciudad, Ing. Jorge Ferraresi, el Subsecretario de Asuntos Registrales del Ministerio&hellip;<\/p>\n","protected":false},"author":1,"featured_media":0,"comment_status":"open","ping_status":"open","sticky":false,"template":"","format":"standard","meta":{"footnotes":""},"categories":[13],"tags":[461,1062,1286,4804],"class_list":["post-9969","post","type-post","status-publish","format-standard","hentry","category-politica","tag-avellaneda","tag-jorge-ferraresi","tag-monica-litza","tag-u-e-r"],"_links":{"self":[{"href":"https:\/\/www.elsindical.com.ar\/notas\/wp-json\/wp\/v2\/posts\/9969","targetHints":{"allow":["GET"]}}],"collection":[{"href":"https:\/\/www.elsindical.com.ar\/notas\/wp-json\/wp\/v2\/posts"}],"about":[{"href":"https:\/\/www.elsindical.com.ar\/notas\/wp-json\/wp\/v2\/types\/post"}],"author":[{"embeddable":true,"href":"https:\/\/www.elsindical.com.ar\/notas\/wp-json\/wp\/v2\/users\/1"}],"replies":[{"embeddable":true,"href":"https:\/\/www.elsindical.com.ar\/notas\/wp-json\/wp\/v2\/comments?post=9969"}],"version-history":[{"count":1,"href":"https:\/\/www.elsindical.com.ar\/notas\/wp-json\/wp\/v2\/posts\/9969\/revisions"}],"predecessor-version":[{"id":9971,"href":"https:\/\/www.elsindical.com.ar\/notas\/wp-json\/wp\/v2\/posts\/9969\/revisions\/9971"}],"wp:attachment":[{"href":"https:\/\/www.elsindical.com.ar\/notas\/wp-json\/wp\/v2\/media?parent=9969"}],"wp:term":[{"taxonomy":"category","embeddable":true,"href":"https:\/\/www.elsindical.com.ar\/notas\/wp-json\/wp\/v2\/categories?post=9969"},{"taxonomy":"post_tag","embeddable":true,"href":"https:\/\/www.elsindical.com.ar\/notas\/wp-json\/wp\/v2\/tags?post=9969"}],"curies":[{"name":"wp","href":"https:\/\/api.w.org\/{rel}","templated":true}]}}