{"id":99671,"date":"2020-10-23T21:21:22","date_gmt":"2020-10-24T00:21:22","guid":{"rendered":"https:\/\/www.elsindical.com.ar\/notas\/?p=99671"},"modified":"2020-10-23T21:21:25","modified_gmt":"2020-10-24T00:21:25","slug":"avellaneda-detienen-a-marianito-un-tercer-sospechoso-por-el-crimen-de-la-beba-en-dock-sud","status":"publish","type":"post","link":"https:\/\/www.elsindical.com.ar\/notas\/avellaneda-detienen-a-marianito-un-tercer-sospechoso-por-el-crimen-de-la-beba-en-dock-sud\/","title":{"rendered":"Avellaneda: Detienen a \u201cMarianito\u201d, un tercer sospechoso por el crimen de la beba en Dock Sud"},"content":{"rendered":"\n<figure class=\"wp-block-image size-large\"><img loading=\"lazy\" decoding=\"async\" width=\"925\" height=\"696\" src=\"https:\/\/www.elsindical.com.ar\/notas\/var\/www\/html\/notas\/wp-content\/uploads\/2020\/10\/Marianito.jpg\" alt=\"\" class=\"wp-image-99672\" srcset=\"https:\/\/www.elsindical.com.ar\/notas\/var\/www\/html\/notas\/wp-content\/uploads\/2020\/10\/Marianito.jpg 925w, https:\/\/www.elsindical.com.ar\/notas\/var\/www\/html\/notas\/wp-content\/uploads\/2020\/10\/Marianito-300x226.jpg 300w, https:\/\/www.elsindical.com.ar\/notas\/var\/www\/html\/notas\/wp-content\/uploads\/2020\/10\/Marianito-768x578.jpg 768w, https:\/\/www.elsindical.com.ar\/notas\/var\/www\/html\/notas\/wp-content\/uploads\/2020\/10\/Marianito-399x300.jpg 399w\" sizes=\"auto, (max-width: 925px) 100vw, 925px\" \/><\/figure>\n\n\n\n<p>Un joven de 28 a\u00f1os apodado \u201cMarianito\u201d, sindicado como uno de los l\u00edderes de las dos grupos que se enfrentaron a los tiros en un hecho que termin\u00f3 con la muerte de un balazo una beba de cinco meses que estaba en brazos de su madre, se convirti\u00f3 en las \u00faltimas horas en el tercer detenido por el crimen ocurrido en Dock Sud, en el partido bonaerense de Avellaneda.<\/p>\n\n\n\n<p>As\u00ed lo informaron fuentes policiales y judiciales, quienes precisaron que se trata de Mariano Dacosta (28), conocido como \u201cMarianito\u201d, cuya detenci\u00f3n fue concretada anoche, cerca de las 22.30, por efectivos de la Delegaci\u00f3n Departamental de Investigaciones (DDI) de Avellaneda.<\/p>\n\n\n\n<p>Si bien se hab\u00edan allanado su casa en la torre 5 del Complejo Habitacional Nicol\u00e1s Avellaneda, el resultado hab\u00eda sido negativo, por lo que \u201cMarianito\u201d estuvo varias horas pr\u00f3fugo hasta que anoche los detectives dela DDI recibieron la informaci\u00f3n de que estaba refugiado por la zona de Villa Dom\u00ednico y all\u00ed lo atraparon cuando andaba en bicicleta.<\/p>\n\n\n\n<p>Fernando, t\u00edo de Lola Jazm\u00edn Montero, la beba asesinada, cont\u00f3 esta ma\u00f1ana en declaraciones a la prensa que, previo a la detenci\u00f3n, la tercera por el crimen, \u201cel pibe (por Dacosta) vino a pedir disculpas a la familia y dijo que solo fueron dos tiros\u201d.<\/p>\n\n\n\n<p>\u201cLos tres detenidos estuvieron en el enfrentamiento de ayer. No son tan chiquitos los tipos. Ellos ten\u00edan armas y, cuando agarr\u00e1s un arma, sab\u00e9s lo que vas hacer. Todos ellos tienen antecedentes penales. Ellos ayer mataron a mi sobrina\u201d, aclar\u00f3 el hombre consternado por el crimen.<\/p>\n\n\n\n<p>Sobre c\u00f3mo fue el hecho, el hombre relat\u00f3: \u201cMi cu\u00f1ada bajaba del sector \u2018C\u2019 de la torre 5 con la bebe en brazos y se tuvo que agachar (por los balazos), pero no alcanz\u00f3 porque una chica le dice \u2018la nena est\u00e1 sangrando\u2019. No pudo hacer nada y muri\u00f3 en sus brazos\u201d.<\/p>\n\n\n\n<p>El crimen de Lola Jazm\u00edn Montero, de cinco meses, fue ayer a las 12.30 en el complejo habitacional Nicol\u00e1s Avellaneda, sobre la calle Manuel Est\u00e9vez al 1000 de Dock Sud.<\/p>\n\n\n\n<p>La v\u00edctima se encontraba en brazos de su madre, quien hab\u00eda bajado a comprar pan, y fue alcanzada en la cabeza por una bala proveniente de una pelea a tiros entre presuntos barras de Dock Sud y de San Telmo.<\/p>\n\n\n\n<p>Todo indica que el tiroteo de ayer fue una venganza por otro enfrentamiento a balazos que d\u00edas atr\u00e1s hab\u00edan protagonizado los mismos grupos antag\u00f3nicos.<\/p>\n\n\n\n<p>La beba fue trasladada de urgencia en un patrullero por su padre, Jos\u00e9 Montero (42), al Hospital Fiorito de Avellaneda, donde los m\u00e9dicos constataron su muerte a ra\u00edz de una herida en el hemisferio izquierdo con estallido de cr\u00e1neo.<\/p>\n\n\n\n<p>Por el hecho, personal de la comisar\u00eda 3ra. de Dock Sud y de la DDI Avellaneda aprehendi\u00f3 ayer a dos j\u00f3venes, identificados por los voceros como Iv\u00e1n Amarilla y Hern\u00e1n Garc\u00eda, ambos mayores de edad, como sospechosos de haber efectuado los disparos, entre ellos el que mat\u00f3 a la beba.<\/p>\n\n\n\n<p>A esos dos detenidos se sum\u00f3 en las \u00faltimas horas \u201cMarianito\u201d, y los tres hoy ser\u00e1n indagados por los fiscales Elbio Laborde y Solange C\u00e1ceres, de la Unidad Funcional de Instrucci\u00f3n (UFI) 3 Avellaneda, por el delito de \u201chomicidio agravado por el uso de arma de fuego\u201d.<\/p>\n","protected":false},"excerpt":{"rendered":"<p>Un joven de 28 a\u00f1os apodado \u201cMarianito\u201d, sindicado como uno de los l\u00edderes de las dos grupos que se enfrentaron a los tiros en un hecho que termin\u00f3 con la muerte de un balazo una beba de cinco meses que estaba en brazos de su madre, se convirti\u00f3 en las \u00faltimas horas en el tercer&hellip;<\/p>\n","protected":false},"author":1,"featured_media":99672,"comment_status":"open","ping_status":"open","sticky":false,"template":"","format":"standard","meta":{"footnotes":""},"categories":[22],"tags":[461,681,1991,2450,33696,33697,2372],"class_list":["post-99671","post","type-post","status-publish","format-standard","has-post-thumbnail","hentry","category-policiales","tag-avellaneda","tag-beba","tag-ddi","tag-diario-el-sindical","tag-marianito","tag-mariano-dacosta","tag-villa-dominico"],"_links":{"self":[{"href":"https:\/\/www.elsindical.com.ar\/notas\/wp-json\/wp\/v2\/posts\/99671","targetHints":{"allow":["GET"]}}],"collection":[{"href":"https:\/\/www.elsindical.com.ar\/notas\/wp-json\/wp\/v2\/posts"}],"about":[{"href":"https:\/\/www.elsindical.com.ar\/notas\/wp-json\/wp\/v2\/types\/post"}],"author":[{"embeddable":true,"href":"https:\/\/www.elsindical.com.ar\/notas\/wp-json\/wp\/v2\/users\/1"}],"replies":[{"embeddable":true,"href":"https:\/\/www.elsindical.com.ar\/notas\/wp-json\/wp\/v2\/comments?post=99671"}],"version-history":[{"count":1,"href":"https:\/\/www.elsindical.com.ar\/notas\/wp-json\/wp\/v2\/posts\/99671\/revisions"}],"predecessor-version":[{"id":99673,"href":"https:\/\/www.elsindical.com.ar\/notas\/wp-json\/wp\/v2\/posts\/99671\/revisions\/99673"}],"wp:featuredmedia":[{"embeddable":true,"href":"https:\/\/www.elsindical.com.ar\/notas\/wp-json\/wp\/v2\/media\/99672"}],"wp:attachment":[{"href":"https:\/\/www.elsindical.com.ar\/notas\/wp-json\/wp\/v2\/media?parent=99671"}],"wp:term":[{"taxonomy":"category","embeddable":true,"href":"https:\/\/www.elsindical.com.ar\/notas\/wp-json\/wp\/v2\/categories?post=99671"},{"taxonomy":"post_tag","embeddable":true,"href":"https:\/\/www.elsindical.com.ar\/notas\/wp-json\/wp\/v2\/tags?post=99671"}],"curies":[{"name":"wp","href":"https:\/\/api.w.org\/{rel}","templated":true}]}}