{"id":9966,"date":"2010-10-01T01:01:40","date_gmt":"2010-10-01T04:01:40","guid":{"rendered":"http:\/\/www.elsindical.com.ar\/notas\/?p=9966"},"modified":"2010-10-01T01:01:40","modified_gmt":"2010-10-01T04:01:40","slug":"milagro-sala-abandono-la-cta","status":"publish","type":"post","link":"https:\/\/www.elsindical.com.ar\/notas\/milagro-sala-abandono-la-cta\/","title":{"rendered":"Milagro Sala abandon\u00f3 la CTA"},"content":{"rendered":"<p style=\"text-align: justify;\"><em><a href=\"http:\/\/www.elsindical.com.ar\/notas\/var\/www\/html\/notas\/wp-content\/uploads\/2010\/10\/Milagro-Sala.jpg\"><img loading=\"lazy\" decoding=\"async\" class=\"alignleft size-medium wp-image-9967\" title=\"Milagro-Sala\" src=\"http:\/\/www.elsindical.com.ar\/notas\/var\/www\/html\/notas\/wp-content\/uploads\/2010\/10\/Milagro-Sala-300x225.jpg\" alt=\"\" width=\"300\" height=\"225\" srcset=\"https:\/\/www.elsindical.com.ar\/notas\/var\/www\/html\/notas\/wp-content\/uploads\/2010\/10\/Milagro-Sala-300x225.jpg 300w, https:\/\/www.elsindical.com.ar\/notas\/var\/www\/html\/notas\/wp-content\/uploads\/2010\/10\/Milagro-Sala.jpg 325w\" sizes=\"auto, (max-width: 300px) 100vw, 300px\" \/><\/a>La dirigente juje\u00f1a Milagro Sala confirm\u00f3 que \u00abcon mucho dolor\u00bb la organizaci\u00f3n social \u00abTupac Amar\u00fa\u00bb se alej\u00f3 de la CTA, en desacuerdo con la interna pol\u00edtica despertada en las elecciones de la central sindical disidente.<\/em><\/p>\n<p style=\"text-align: justify;\">\u00abNos vamos muy angustiados, sentimos que hemos fracasado porque no conseguimos la unidad de los dos sectores\u00bb, explic\u00f3 Sala, en alusi\u00f3n a la dura pugna que atraviesa la CTA, donde a\u00fan no se resolvi\u00f3 de manera oficial si Pablo Micheli o Hugo Yasky ganaron los comicios del jueves 23.<\/p>\n<p style=\"text-align: justify;\">Sala renunci\u00f3 a su afiliaci\u00f3n a la central y a la secretar\u00eda general de la CTA-Jujuy que obtuvo en los recientes comicios, y lo propio hicieron los dirigentes que ganaron cargos de la entidad en las 17 provincias donde la Tupac Amaru realiza trabajo territorial.<\/p>\n<p style=\"text-align: justify;\">Cabizbaja y visiblemente triste, la dirigente ofreci\u00f3 una rueda de prensa para comunicar su decisi\u00f3n, en la que advirti\u00f3 que no va \u00aba hablar mal de Micheli, ni de Yasky\u00bb, pero les envi\u00f3 un mensaje por elevaci\u00f3n al asegurar que \u00ablas bases est\u00e1n pagando los platos rotos\u00bb, de la dura disputa entre los candidatos a secretario general.<\/p>\n<p style=\"text-align: justify;\">\u00abNo nos fuimos antes porque no quer\u00edamos que se diga que quer\u00edamos interrumpir la elecci\u00f3n. Nos vamos porque sentimos que no hay nada m\u00e1s que hacer en la central\u00bb, dispar\u00f3 Sala, quien pidi\u00f3 a los dirigentes de la central \u00abaprender a hacer pol\u00edtica desde el coraz\u00f3n y no desde las v\u00edsceras\u00bb.<\/p>\n<p style=\"text-align: justify;\">En ese sentido, se quej\u00f3 de que los dos bandos creados en la CTA se est\u00e9n \u00abpeleando como perro y gato\u00bb y critic\u00f3 adem\u00e1s la baja participaci\u00f3n de afiliados en la elecci\u00f3n al considerar que \u00abcon el 15 por ciento del padr\u00f3n no puede gobernar nadie\u00bb la central.<\/p>\n<p style=\"text-align: justify;\">La dirigente hab\u00eda manifestado tiempo atr\u00e1s su malestar por las diferencias pol\u00edticas surgidas en el seno de la CTA y realiz\u00f3 un llamado para que Yasky y Micheli acordaran una lista de unidad, situaci\u00f3n que no termin\u00f3 ocurriendo.<\/p>\n<p style=\"text-align: justify;\">La Tupac Amaru que lidera Sala tiene gran peso pol\u00edtico en la CTA, ya que aport\u00f3 en la provincia de Jujuy alrededor de 22 mil votos para la lista que lidera el opositor al Gobierno nacional, Micheli, a quien dej\u00f3 bien parado para un triunfo a nivel nacional.<\/p>\n<p style=\"text-align: justify;\">Sala qued\u00f3 en una posici\u00f3n inc\u00f3moda porque adem\u00e1s de su relaci\u00f3n hist\u00f3rica con ese sector de la central alejado del Gobierno, forj\u00f3 durante los \u00faltimos a\u00f1os v\u00ednculos pol\u00edticos muy cercanos a la ministra de Desarrollo Social, Alicia Kirchner.<\/p>\n<p style=\"text-align: justify;\">De hecho, en la conferencia de prensa que brind\u00f3 en un hotel porte\u00f1o, volvi\u00f3 a proclamarse \u00abkirchnerista\u00bb, y aclar\u00f3 que el hist\u00f3rico l\u00edder de la CTA V\u00edctor De Gennaro y su aliado Micheli \u00absiempre respetaron\u00bb su cercan\u00eda al oficialismo nacional.<\/p>\n<p style=\"text-align: justify;\">La Tupac cobr\u00f3 notoriedad p\u00fablica en los \u00faltimos a\u00f1os gracias a las obras de infraestructura que encara en Jujuy con fondos destinados por el Gobierno nacional.<\/p>\n","protected":false},"excerpt":{"rendered":"<p>La dirigente juje\u00f1a Milagro Sala confirm\u00f3 que \u00abcon mucho dolor\u00bb la organizaci\u00f3n social \u00abTupac Amar\u00fa\u00bb se alej\u00f3 de la CTA, en desacuerdo con la interna pol\u00edtica despertada en las elecciones de la central sindical disidente. \u00abNos vamos muy angustiados, sentimos que hemos fracasado porque no conseguimos la unidad de los dos sectores\u00bb, explic\u00f3 Sala, en&hellip;<\/p>\n","protected":false},"author":1,"featured_media":0,"comment_status":"open","ping_status":"open","sticky":false,"template":"","format":"standard","meta":{"footnotes":""},"categories":[16],"tags":[],"class_list":["post-9966","post","type-post","status-publish","format-standard","hentry","category-gremiales"],"_links":{"self":[{"href":"https:\/\/www.elsindical.com.ar\/notas\/wp-json\/wp\/v2\/posts\/9966","targetHints":{"allow":["GET"]}}],"collection":[{"href":"https:\/\/www.elsindical.com.ar\/notas\/wp-json\/wp\/v2\/posts"}],"about":[{"href":"https:\/\/www.elsindical.com.ar\/notas\/wp-json\/wp\/v2\/types\/post"}],"author":[{"embeddable":true,"href":"https:\/\/www.elsindical.com.ar\/notas\/wp-json\/wp\/v2\/users\/1"}],"replies":[{"embeddable":true,"href":"https:\/\/www.elsindical.com.ar\/notas\/wp-json\/wp\/v2\/comments?post=9966"}],"version-history":[{"count":1,"href":"https:\/\/www.elsindical.com.ar\/notas\/wp-json\/wp\/v2\/posts\/9966\/revisions"}],"predecessor-version":[{"id":9968,"href":"https:\/\/www.elsindical.com.ar\/notas\/wp-json\/wp\/v2\/posts\/9966\/revisions\/9968"}],"wp:attachment":[{"href":"https:\/\/www.elsindical.com.ar\/notas\/wp-json\/wp\/v2\/media?parent=9966"}],"wp:term":[{"taxonomy":"category","embeddable":true,"href":"https:\/\/www.elsindical.com.ar\/notas\/wp-json\/wp\/v2\/categories?post=9966"},{"taxonomy":"post_tag","embeddable":true,"href":"https:\/\/www.elsindical.com.ar\/notas\/wp-json\/wp\/v2\/tags?post=9966"}],"curies":[{"name":"wp","href":"https:\/\/api.w.org\/{rel}","templated":true}]}}