{"id":99654,"date":"2020-10-22T19:11:24","date_gmt":"2020-10-22T22:11:24","guid":{"rendered":"https:\/\/www.elsindical.com.ar\/notas\/?p=99654"},"modified":"2020-10-22T19:11:27","modified_gmt":"2020-10-22T22:11:27","slug":"avellaneda-asesinan-a-una-beba-en-medio-de-tiroteo-entre-bandas-delictivas","status":"publish","type":"post","link":"https:\/\/www.elsindical.com.ar\/notas\/avellaneda-asesinan-a-una-beba-en-medio-de-tiroteo-entre-bandas-delictivas\/","title":{"rendered":"Avellaneda: Asesinan a una beba en medio de tiroteo entre bandas delictivas"},"content":{"rendered":"\n<figure class=\"wp-block-image size-large\"><img loading=\"lazy\" decoding=\"async\" width=\"1024\" height=\"688\" src=\"https:\/\/www.elsindical.com.ar\/notas\/var\/www\/html\/notas\/wp-content\/uploads\/2020\/10\/Torres-de-Dock-Sud-1024x688.jpg\" alt=\"\" class=\"wp-image-99655\" srcset=\"https:\/\/www.elsindical.com.ar\/notas\/var\/www\/html\/notas\/wp-content\/uploads\/2020\/10\/Torres-de-Dock-Sud-1024x688.jpg 1024w, https:\/\/www.elsindical.com.ar\/notas\/var\/www\/html\/notas\/wp-content\/uploads\/2020\/10\/Torres-de-Dock-Sud-300x201.jpg 300w, https:\/\/www.elsindical.com.ar\/notas\/var\/www\/html\/notas\/wp-content\/uploads\/2020\/10\/Torres-de-Dock-Sud-768x516.jpg 768w, https:\/\/www.elsindical.com.ar\/notas\/var\/www\/html\/notas\/wp-content\/uploads\/2020\/10\/Torres-de-Dock-Sud-447x300.jpg 447w, https:\/\/www.elsindical.com.ar\/notas\/var\/www\/html\/notas\/wp-content\/uploads\/2020\/10\/Torres-de-Dock-Sud.jpg 1297w\" sizes=\"auto, (max-width: 1024px) 100vw, 1024px\" \/><\/figure>\n\n\n\n<p>    Una inocente beba de tan solo cinco meses fue brutalmente asesinada como consecuencia de un enfrentamiento entre bandas delictivas en un predio que hace ya varios a\u00f1os es sin\u00f3nimo de violencia y de impunidad, Las Torres de Dock Sud.<\/p>\n\n\n\n<p>El predio se encuentra ubicado a un lado del peaje de Dock Sub en el l\u00edmite de Avellaneda y CABA, ha sido noticia innumerables veces por delitos que van desde los robos, la venta de drogas al homicidio, pasan los a\u00f1os y nada cambia en el complejo donde ning\u00fan funcionario hace su trabajo con responsabilidad.<\/p>\n\n\n\n<p>La beba identificada como Lola Jazm\u00edn Montero, lleg\u00f3 muerta al Hospital Fiorito donde fue llevada por su padre Jos\u00e9, seg\u00fan el parte m\u00e9dico preliminar la beba presentaba una herida de arma de fuego en el hemisferio izquierdo con estallido de cr\u00e1neo, as\u00ed de cruel y violento fue el hecho.<\/p>\n\n\n\n<p>Las primeras versiones indican que la beba estaba en brazos de su madre, cuando a la Torre 5 de la calle Est\u00e9vez al 1000 de Dock Sud, dos hombres llegaron armados por una pelea anterior entre bandas y comenzaron a disparar alrededor de 6 disparos y uno de los cuales impact\u00f3 en la cabeza de la beba.<\/p>\n\n\n\n<p>Los medios locales como suelen hacer, informan el hecho destacando que Berni, ministro de seguridad bonaerense se dirig\u00eda al lugar, algo irrelevante si se tiene en cuenta que hace a\u00f1os los vecinos y varios funcionarios saben muy bien quienes son los delincuentes que all\u00ed viven, operan y matan, desde funcionarios judiciales que hoy est\u00e1n en el Polo Judicial de Avellaneda, que bien podr\u00edan haber trabajado para erradicar la violencia y el delito en el lugar, pasando por funcionarios municipales y policiales que tambi\u00e9n conocen a los malandras, pero curiosamente todos hacen de cuenta que no ven.<\/p>\n\n\n\n<p>Indigna la muerte, pero m\u00e1s indigna la impunidad con la que se cometen los delitos y que es algo de todos los d\u00edas.<\/p>\n\n\n\n<p>Por Marcelo Ricardo Hawrylciw<\/p>\n","protected":false},"excerpt":{"rendered":"<p>Una inocente beba de tan solo cinco meses fue brutalmente asesinada como consecuencia de un enfrentamiento entre bandas delictivas en un predio que hace ya varios a\u00f1os es sin\u00f3nimo de violencia y de impunidad, Las Torres de Dock Sud. El predio se encuentra ubicado a un lado del peaje de Dock Sub en el l\u00edmite&hellip;<\/p>\n","protected":false},"author":1,"featured_media":99655,"comment_status":"open","ping_status":"open","sticky":false,"template":"","format":"standard","meta":{"footnotes":""},"categories":[10],"tags":[363,461,681,2450,33694,1724,11727,33693],"class_list":["post-99654","post","type-post","status-publish","format-standard","has-post-thumbnail","hentry","category-editorial","tag-asesinato","tag-avellaneda","tag-beba","tag-diario-el-sindical","tag-lola-jazmin-montero","tag-polo-judicial","tag-sergio-berni","tag-torres-de-dock-sud"],"_links":{"self":[{"href":"https:\/\/www.elsindical.com.ar\/notas\/wp-json\/wp\/v2\/posts\/99654","targetHints":{"allow":["GET"]}}],"collection":[{"href":"https:\/\/www.elsindical.com.ar\/notas\/wp-json\/wp\/v2\/posts"}],"about":[{"href":"https:\/\/www.elsindical.com.ar\/notas\/wp-json\/wp\/v2\/types\/post"}],"author":[{"embeddable":true,"href":"https:\/\/www.elsindical.com.ar\/notas\/wp-json\/wp\/v2\/users\/1"}],"replies":[{"embeddable":true,"href":"https:\/\/www.elsindical.com.ar\/notas\/wp-json\/wp\/v2\/comments?post=99654"}],"version-history":[{"count":1,"href":"https:\/\/www.elsindical.com.ar\/notas\/wp-json\/wp\/v2\/posts\/99654\/revisions"}],"predecessor-version":[{"id":99656,"href":"https:\/\/www.elsindical.com.ar\/notas\/wp-json\/wp\/v2\/posts\/99654\/revisions\/99656"}],"wp:featuredmedia":[{"embeddable":true,"href":"https:\/\/www.elsindical.com.ar\/notas\/wp-json\/wp\/v2\/media\/99655"}],"wp:attachment":[{"href":"https:\/\/www.elsindical.com.ar\/notas\/wp-json\/wp\/v2\/media?parent=99654"}],"wp:term":[{"taxonomy":"category","embeddable":true,"href":"https:\/\/www.elsindical.com.ar\/notas\/wp-json\/wp\/v2\/categories?post=99654"},{"taxonomy":"post_tag","embeddable":true,"href":"https:\/\/www.elsindical.com.ar\/notas\/wp-json\/wp\/v2\/tags?post=99654"}],"curies":[{"name":"wp","href":"https:\/\/api.w.org\/{rel}","templated":true}]}}