{"id":99583,"date":"2020-10-21T00:37:07","date_gmt":"2020-10-21T03:37:07","guid":{"rendered":"https:\/\/www.elsindical.com.ar\/notas\/?p=99583"},"modified":"2020-10-21T00:37:11","modified_gmt":"2020-10-21T03:37:11","slug":"avellaneda-trabajadores-de-falabella-reclaman-el-pago-de-indemnizaciones-tras-el-cierre-de-locales","status":"publish","type":"post","link":"https:\/\/www.elsindical.com.ar\/notas\/avellaneda-trabajadores-de-falabella-reclaman-el-pago-de-indemnizaciones-tras-el-cierre-de-locales\/","title":{"rendered":"Avellaneda: Trabajadores de Falabella reclaman el pago de indemnizaciones tras el cierre de locales"},"content":{"rendered":"\n<figure class=\"wp-block-image size-large\"><img loading=\"lazy\" decoding=\"async\" width=\"1024\" height=\"576\" src=\"https:\/\/www.elsindical.com.ar\/notas\/var\/www\/html\/notas\/wp-content\/uploads\/2020\/10\/protesta-cierres-Falabella-1024x576.jpg\" alt=\"\" class=\"wp-image-99584\" srcset=\"https:\/\/www.elsindical.com.ar\/notas\/var\/www\/html\/notas\/wp-content\/uploads\/2020\/10\/protesta-cierres-Falabella-1024x576.jpg 1024w, https:\/\/www.elsindical.com.ar\/notas\/var\/www\/html\/notas\/wp-content\/uploads\/2020\/10\/protesta-cierres-Falabella-300x169.jpg 300w, https:\/\/www.elsindical.com.ar\/notas\/var\/www\/html\/notas\/wp-content\/uploads\/2020\/10\/protesta-cierres-Falabella-768x432.jpg 768w, https:\/\/www.elsindical.com.ar\/notas\/var\/www\/html\/notas\/wp-content\/uploads\/2020\/10\/protesta-cierres-Falabella-500x281.jpg 500w, https:\/\/www.elsindical.com.ar\/notas\/var\/www\/html\/notas\/wp-content\/uploads\/2020\/10\/protesta-cierres-Falabella-460x260.jpg 460w, https:\/\/www.elsindical.com.ar\/notas\/var\/www\/html\/notas\/wp-content\/uploads\/2020\/10\/protesta-cierres-Falabella.jpg 1200w\" sizes=\"auto, (max-width: 1024px) 100vw, 1024px\" \/><\/figure>\n\n\n\n<p>La empresa dispuso el cierre del local del Alto Avellaneda, en el que trabajaban m\u00e1s de cien empleados. El SECLA solicit\u00f3 una audiencia al Ministerio de Trabajo.<\/p>\n\n\n\n<p>Trabajadores despedidos del local Falabella del Alto Avellaneda reclaman que la empresa presente el proceso preventivo de crisis y cumpla con el pago de las indeminzaciones luego de disponer el cierre.<\/p>\n\n\n\n<p>\u201cLa empresa sostiene que son retiros voluntarios y cierra locales, por lo que deber\u00eda presentar el proceso preventivo de crisis y pagar la indemnizaci\u00f3n\u201d, afirm\u00f3\u00a0el\u00a0secretario general del Sindicato de Empleados de Comercio de Lan\u00fas y Avellaneda (SECLA), Orlando Machado<strong>.<\/strong><\/p>\n\n\n\n<p>En este contexto, casi un centenar de manifestantes se acerc\u00f3 este lunes a la sede central de la empresa, ubicada sobre la calle Florida en la Ciudad de Buenos Aires, en donde marcharon por el pago de las indeminizaciones.<\/p>\n\n\n\n<p>\u201cSolicitamos una audiencia al Ministerio de Trabajo, Empleo y Seguridad Social de la Naci\u00f3n para plantear esta situaci\u00f3n y elevar el reclamo, que esperamos que sea respondido\u201d, sostuvo Machado.<\/p>\n\n\n\n<p>La semana pasada, la firma chilena decidi\u00f3 cerrar los locales del Dot Baires y del Alto Avellaneda por lo que m\u00e1s de 300 trabajadores perdieron sus empleos e iniciaron sus reclamos para el pago de las indemnizaciones correspondientes.<\/p>\n\n\n\n<p>Machado, por otra parte, renov\u00f3 el reclamo del gremio para pedir la reapertura del Alto Avellaneda ya que si bien la autorizaci\u00f3n debe llegar por parte del Gobierno bonaerense, la \u00faltima semana hubo casos como el Boulevard de Adrogu\u00e9 que reabri\u00f3 con el aval municipal.<\/p>\n\n\n\n<p>\u201cEs un capricho por parte del Estado provincial que no hace caso a los pedidos que hace el Municipio. Elevaron los protocolos pero es una decisi\u00f3n del Gobierno bonaerense, que sigue sin autorizar. Y en este contexto, contin\u00faa la p\u00e9rdida de puestos de trabajo\u201d, advirti\u00f3 el secretario general de SECLA.<\/p>\n\n\n\n<p>Seg\u00fan afirm\u00f3, la apertura del centro comercial de Adrogu\u00e9 fue \u201cporque muchos locales dan a cielo abierto\u201d, pero tambi\u00e9n consider\u00f3 que \u201cel gobernador (Axel Kicillof) no quiere ning\u00fan tipo de desborde\u201d.<\/p>\n\n\n\n<p>\u201cLo que no entienden es que de este espacio dependen much\u00edsimas familias. Creemos que hay menos contagio en un shopping que en un mercado, as\u00ed que esperamos que el gobernador se digne a disponer la apertura\u201d, concluy\u00f3 Machado.<\/p>\n","protected":false},"excerpt":{"rendered":"<p>La empresa dispuso el cierre del local del Alto Avellaneda, en el que trabajaban m\u00e1s de cien empleados. El SECLA solicit\u00f3 una audiencia al Ministerio de Trabajo. Trabajadores despedidos del local Falabella del Alto Avellaneda reclaman que la empresa presente el proceso preventivo de crisis y cumpla con el pago de las indeminzaciones luego de&hellip;<\/p>\n","protected":false},"author":1,"featured_media":99584,"comment_status":"open","ping_status":"open","sticky":false,"template":"","format":"standard","meta":{"footnotes":""},"categories":[16],"tags":[17841,461,2258,2450,30443,2344,292,13091,125],"class_list":["post-99583","post","type-post","status-publish","format-standard","has-post-thumbnail","hentry","category-gremiales","tag-alto-avellaneda","tag-avellaneda","tag-cierre","tag-diario-el-sindical","tag-falabella","tag-locales","tag-protesta","tag-secla","tag-trabajadores"],"_links":{"self":[{"href":"https:\/\/www.elsindical.com.ar\/notas\/wp-json\/wp\/v2\/posts\/99583","targetHints":{"allow":["GET"]}}],"collection":[{"href":"https:\/\/www.elsindical.com.ar\/notas\/wp-json\/wp\/v2\/posts"}],"about":[{"href":"https:\/\/www.elsindical.com.ar\/notas\/wp-json\/wp\/v2\/types\/post"}],"author":[{"embeddable":true,"href":"https:\/\/www.elsindical.com.ar\/notas\/wp-json\/wp\/v2\/users\/1"}],"replies":[{"embeddable":true,"href":"https:\/\/www.elsindical.com.ar\/notas\/wp-json\/wp\/v2\/comments?post=99583"}],"version-history":[{"count":1,"href":"https:\/\/www.elsindical.com.ar\/notas\/wp-json\/wp\/v2\/posts\/99583\/revisions"}],"predecessor-version":[{"id":99585,"href":"https:\/\/www.elsindical.com.ar\/notas\/wp-json\/wp\/v2\/posts\/99583\/revisions\/99585"}],"wp:featuredmedia":[{"embeddable":true,"href":"https:\/\/www.elsindical.com.ar\/notas\/wp-json\/wp\/v2\/media\/99584"}],"wp:attachment":[{"href":"https:\/\/www.elsindical.com.ar\/notas\/wp-json\/wp\/v2\/media?parent=99583"}],"wp:term":[{"taxonomy":"category","embeddable":true,"href":"https:\/\/www.elsindical.com.ar\/notas\/wp-json\/wp\/v2\/categories?post=99583"},{"taxonomy":"post_tag","embeddable":true,"href":"https:\/\/www.elsindical.com.ar\/notas\/wp-json\/wp\/v2\/tags?post=99583"}],"curies":[{"name":"wp","href":"https:\/\/api.w.org\/{rel}","templated":true}]}}