{"id":9958,"date":"2010-09-30T23:46:44","date_gmt":"2010-10-01T02:46:44","guid":{"rendered":"http:\/\/www.elsindical.com.ar\/notas\/?p=9958"},"modified":"2010-09-30T23:46:44","modified_gmt":"2010-10-01T02:46:44","slug":"lanussecuestraron-armasgranadas-y-tres-mil-municiones-de-guerra","status":"publish","type":"post","link":"https:\/\/www.elsindical.com.ar\/notas\/lanussecuestraron-armasgranadas-y-tres-mil-municiones-de-guerra\/","title":{"rendered":"Lan\u00fas:Secuestraron armas,granadas y tres mil municiones de guerra"},"content":{"rendered":"<div id=\"cope\" style=\"text-align: justify;\"><a href=\"http:\/\/www.elsindical.com.ar\/notas\/var\/www\/html\/notas\/wp-content\/uploads\/2010\/09\/Subf\u00fasil-FMK3.jpg\"><img loading=\"lazy\" decoding=\"async\" class=\"alignleft size-medium wp-image-9959\" title=\"Subf\u00fasil-FMK3\" src=\"http:\/\/www.elsindical.com.ar\/notas\/var\/www\/html\/notas\/wp-content\/uploads\/2010\/09\/Subf\u00fasil-FMK3-300x149.jpg\" alt=\"\" width=\"300\" height=\"149\" srcset=\"https:\/\/www.elsindical.com.ar\/notas\/var\/www\/html\/notas\/wp-content\/uploads\/2010\/09\/Subf\u00fasil-FMK3-300x149.jpg 300w, https:\/\/www.elsindical.com.ar\/notas\/var\/www\/html\/notas\/wp-content\/uploads\/2010\/09\/Subf\u00fasil-FMK3.jpg 443w\" sizes=\"auto, (max-width: 300px) 100vw, 300px\" \/><\/a>Personal de la comisar\u00eda de Lan\u00fas, detuvo esta tarde a un efectivo retirado de la Prefectura Naval, que ten\u00eda en su poder diferentes armas, una granada, tres escopetas y alrededor de tres mil municiones de guerra. Seg\u00fan informaron, el hombre fue detenido en la calle armado con subfusil calibre 9 mil\u00edmetros FMK3, mientras que el resto del arsenal fue encontrado en su casa.<\/div>\n<div style=\"text-align: justify;\">\n<p style=\"text-align: justify;\">Un efectivo retirado de la Prefectura Naval fue detenido hoy en la localidad bonaerense de Lan\u00fas y en su poder se secuestr\u00f3 un fusil, un subfusil, una granada, tres escopetas y 3.000 municiones de distintos calibres, informaron fuentes policiales.<\/p>\n<p>El procedimiento fue realizado esta tarde, en la calle Sargento Cabral al 1000, en dicha localidad de la zona sur del conurbano, donde efectivos de la seccional local advirtieron la presencia sospechoso de un hombre armado.<\/p>\n<p>Fuentes policiales informaron que los agentes procedieron a identificarlo y constataron que se trataba de un miembro retirado de la Prefectura Naval que portaba un subfusil calibre 9 mil\u00edmetros FMK3.<\/p>\n<p>Ante esa situaci\u00f3n, los pesquisas allanaron la casa del sospechoso, ubicada en las inmediaciones y donde hallaron unas 3000 municiones calibre 9 mil\u00edmetros, 357, 11.25 y de Fusil Autom\u00e1tico Liviano (FAL).<\/p>\n<p>Seg\u00fan las fuentes, tambi\u00e9n secuestraron una granada, un fusil 308 y tres escopetas. Tras los secuestros, el ex prefecto qued\u00f3 detenido y todos lo incautado qued\u00f3 a disposici\u00f3n de la Justicia de Lomas de Zamora.<\/p>\n<\/div>\n","protected":false},"excerpt":{"rendered":"<p>Personal de la comisar\u00eda de Lan\u00fas, detuvo esta tarde a un efectivo retirado de la Prefectura Naval, que ten\u00eda en su poder diferentes armas, una granada, tres escopetas y alrededor de tres mil municiones de guerra. Seg\u00fan informaron, el hombre fue detenido en la calle armado con subfusil calibre 9 mil\u00edmetros FMK3, mientras que el&hellip;<\/p>\n","protected":false},"author":1,"featured_media":0,"comment_status":"open","ping_status":"open","sticky":false,"template":"","format":"standard","meta":{"footnotes":""},"categories":[22],"tags":[91,41,744,4265,749,1526,4803],"class_list":["post-9958","post","type-post","status-publish","format-standard","hentry","category-policiales","tag-detenido","tag-justicia","tag-lomas-de-zamora","tag-municiones","tag-policia-bonaerense","tag-prefectura-naval-argentina","tag-subfusil"],"_links":{"self":[{"href":"https:\/\/www.elsindical.com.ar\/notas\/wp-json\/wp\/v2\/posts\/9958","targetHints":{"allow":["GET"]}}],"collection":[{"href":"https:\/\/www.elsindical.com.ar\/notas\/wp-json\/wp\/v2\/posts"}],"about":[{"href":"https:\/\/www.elsindical.com.ar\/notas\/wp-json\/wp\/v2\/types\/post"}],"author":[{"embeddable":true,"href":"https:\/\/www.elsindical.com.ar\/notas\/wp-json\/wp\/v2\/users\/1"}],"replies":[{"embeddable":true,"href":"https:\/\/www.elsindical.com.ar\/notas\/wp-json\/wp\/v2\/comments?post=9958"}],"version-history":[{"count":2,"href":"https:\/\/www.elsindical.com.ar\/notas\/wp-json\/wp\/v2\/posts\/9958\/revisions"}],"predecessor-version":[{"id":9961,"href":"https:\/\/www.elsindical.com.ar\/notas\/wp-json\/wp\/v2\/posts\/9958\/revisions\/9961"}],"wp:attachment":[{"href":"https:\/\/www.elsindical.com.ar\/notas\/wp-json\/wp\/v2\/media?parent=9958"}],"wp:term":[{"taxonomy":"category","embeddable":true,"href":"https:\/\/www.elsindical.com.ar\/notas\/wp-json\/wp\/v2\/categories?post=9958"},{"taxonomy":"post_tag","embeddable":true,"href":"https:\/\/www.elsindical.com.ar\/notas\/wp-json\/wp\/v2\/tags?post=9958"}],"curies":[{"name":"wp","href":"https:\/\/api.w.org\/{rel}","templated":true}]}}