{"id":99531,"date":"2020-10-19T20:18:28","date_gmt":"2020-10-19T23:18:28","guid":{"rendered":"https:\/\/www.elsindical.com.ar\/notas\/?p=99531"},"modified":"2020-10-20T17:53:58","modified_gmt":"2020-10-20T20:53:58","slug":"gafas-shop-caro-y-mala-atencion","status":"publish","type":"post","link":"https:\/\/www.elsindical.com.ar\/notas\/gafas-shop-caro-y-mala-atencion\/","title":{"rendered":"Gafas Shop, caro y mala atenci\u00f3n"},"content":{"rendered":"\n<div class=\"wp-block-image\"><figure class=\"aligncenter size-large is-resized\"><img loading=\"lazy\" decoding=\"async\" src=\"https:\/\/www.elsindical.com.ar\/notas\/var\/www\/html\/notas\/wp-content\/uploads\/2020\/10\/Gafas-Shop.jpg\" alt=\"\" class=\"wp-image-99532\" width=\"560\" height=\"189\" srcset=\"https:\/\/www.elsindical.com.ar\/notas\/var\/www\/html\/notas\/wp-content\/uploads\/2020\/10\/Gafas-Shop.jpg 496w, https:\/\/www.elsindical.com.ar\/notas\/var\/www\/html\/notas\/wp-content\/uploads\/2020\/10\/Gafas-Shop-300x101.jpg 300w\" sizes=\"auto, (max-width: 560px) 100vw, 560px\" \/><\/figure><\/div>\n\n\n\n<p class=\"wp-block-paragraph\">    La tienda Online Gafas Shop, dedicada al rubro de \u00f3ptica y fotograf\u00eda seg\u00fan su CUIT 30-71633370-8, constituida como S.A, en teor\u00eda sus responsables son Juliana Mazza Da Silva como administradora titular y Edgardo Mariano Gerpe como administrador suplente, es una opci\u00f3n para los que buscan gafas distintas y de calidad, eso s\u00ed, los precios que ofrecen superan por mucho los que ofrecen otras tiendas online internacionales, casi en un 45%.<\/p>\n\n\n\n<p class=\"wp-block-paragraph\">En su sitio, ofrecen pagar en efectivo y obtener un descuento del 10%, pero no brindan informaci\u00f3n de la forma en que se puede pagar en efectivo el producto ya que a las consultas en las redes sociales la respuesta es un link al portal y en el portal la opci\u00f3n es el WhatsApp, canal de contacto en el que demoran en responder y entre mensajes pueden pasar horas, un punto negativo y que no es menor si se tiene en cuenta que los precios son muy superiores a los de otras tiendas Online y da lo mismo comprar en su portal que en ML.<\/p>\n\n\n\n<p class=\"wp-block-paragraph\">La conclusi\u00f3n como consumidor, salvo una urgencia, a\u00fan pagando un env\u00edo a\u00e9reo, es m\u00e1s econ\u00f3mico comprar en cualquier tienda Online, donde te van a dar el trato que un cliente se merece, pulgares para abajo.<\/p>\n\n\n\n<p class=\"wp-block-paragraph\">Por Marcelo Ricardo Hawrylciw<\/p>\n","protected":false},"excerpt":{"rendered":"<p>La tienda Online Gafas Shop, dedicada al rubro de \u00f3ptica y fotograf\u00eda seg\u00fan su CUIT 30-71633370-8, constituida como S.A, en teor\u00eda sus responsables son Juliana Mazza Da Silva como administradora titular y Edgardo Mariano Gerpe como administrador suplente, es una opci\u00f3n para los que buscan gafas distintas y de calidad, eso s\u00ed, los precios que&hellip;<\/p>\n","protected":false},"author":1,"featured_media":99532,"comment_status":"open","ping_status":"open","sticky":false,"template":"","format":"standard","meta":{"footnotes":""},"categories":[21],"tags":[33669,2450,33671,33668,3193,33672,2605,33670],"class_list":["post-99531","post","type-post","status-publish","format-standard","has-post-thumbnail","hentry","category-opinion","tag-caro","tag-diario-el-sindical","tag-gafas","tag-gafas-shop","tag-mala-atencion","tag-ml","tag-redes-sociales","tag-tienda-online"],"_links":{"self":[{"href":"https:\/\/www.elsindical.com.ar\/notas\/wp-json\/wp\/v2\/posts\/99531","targetHints":{"allow":["GET"]}}],"collection":[{"href":"https:\/\/www.elsindical.com.ar\/notas\/wp-json\/wp\/v2\/posts"}],"about":[{"href":"https:\/\/www.elsindical.com.ar\/notas\/wp-json\/wp\/v2\/types\/post"}],"author":[{"embeddable":true,"href":"https:\/\/www.elsindical.com.ar\/notas\/wp-json\/wp\/v2\/users\/1"}],"replies":[{"embeddable":true,"href":"https:\/\/www.elsindical.com.ar\/notas\/wp-json\/wp\/v2\/comments?post=99531"}],"version-history":[{"count":2,"href":"https:\/\/www.elsindical.com.ar\/notas\/wp-json\/wp\/v2\/posts\/99531\/revisions"}],"predecessor-version":[{"id":99580,"href":"https:\/\/www.elsindical.com.ar\/notas\/wp-json\/wp\/v2\/posts\/99531\/revisions\/99580"}],"wp:featuredmedia":[{"embeddable":true,"href":"https:\/\/www.elsindical.com.ar\/notas\/wp-json\/wp\/v2\/media\/99532"}],"wp:attachment":[{"href":"https:\/\/www.elsindical.com.ar\/notas\/wp-json\/wp\/v2\/media?parent=99531"}],"wp:term":[{"taxonomy":"category","embeddable":true,"href":"https:\/\/www.elsindical.com.ar\/notas\/wp-json\/wp\/v2\/categories?post=99531"},{"taxonomy":"post_tag","embeddable":true,"href":"https:\/\/www.elsindical.com.ar\/notas\/wp-json\/wp\/v2\/tags?post=99531"}],"curies":[{"name":"wp","href":"https:\/\/api.w.org\/{rel}","templated":true}]}}