{"id":99504,"date":"2020-10-19T13:03:10","date_gmt":"2020-10-19T16:03:10","guid":{"rendered":"https:\/\/www.elsindical.com.ar\/notas\/?p=99504"},"modified":"2020-10-19T13:03:11","modified_gmt":"2020-10-19T16:03:11","slug":"ruth-gomez-directora-de-cine","status":"publish","type":"post","link":"https:\/\/www.elsindical.com.ar\/notas\/ruth-gomez-directora-de-cine\/","title":{"rendered":"Ruth G\u00f3mez, Directora de Cine"},"content":{"rendered":"\n<figure class=\"wp-block-image size-large\"><img loading=\"lazy\" decoding=\"async\" width=\"720\" height=\"405\" src=\"https:\/\/www.elsindical.com.ar\/notas\/var\/www\/html\/notas\/wp-content\/uploads\/2020\/10\/producciones-de-Ruth.jpg\" alt=\"\" class=\"wp-image-99505\" srcset=\"https:\/\/www.elsindical.com.ar\/notas\/var\/www\/html\/notas\/wp-content\/uploads\/2020\/10\/producciones-de-Ruth.jpg 720w, https:\/\/www.elsindical.com.ar\/notas\/var\/www\/html\/notas\/wp-content\/uploads\/2020\/10\/producciones-de-Ruth-300x169.jpg 300w, https:\/\/www.elsindical.com.ar\/notas\/var\/www\/html\/notas\/wp-content\/uploads\/2020\/10\/producciones-de-Ruth-500x281.jpg 500w, https:\/\/www.elsindical.com.ar\/notas\/var\/www\/html\/notas\/wp-content\/uploads\/2020\/10\/producciones-de-Ruth-460x260.jpg 460w\" sizes=\"auto, (max-width: 720px) 100vw, 720px\" \/><\/figure>\n\n\n\n<p>Naci\u00f3 en Capital Federal e hizo sus estudios en la Universidad Nacional La Matanza.Luego se form\u00f3 en la Cl\u00ednica de guiones, de Natural Arpajou y sigui\u00f3 haciendo cursos de Realizaci\u00f3n Cinematogr\u00e1fica en el mismo establecimiento.<\/p>\n\n\n\n<p>En MIGRE (Asociaci\u00f3n de Autores Audiovisuales) adquiri\u00f3 otros conocimientos cinematogr\u00e1ficos de la mano de Ramiro San Honorio (Transmedia, Crossmedia, Historia del Cine de Terror en Argentina, El lenguaje de los guiones Audiovisuales entre otras.) Su opera prima es El silencio de Antonella, (seleccionado en el festival internacional de mar del plata 2015),Muestra de cine en San Nicolas 2016,Selecci\u00f3n Oficial en INSIDIE film festival Miami, Festival internacional de cortometrajes FIC-ESMI ,Argentina-francia, Selecci\u00f3n Oficial en INDUSTRY BOOST competition USA, y selecci\u00f3n Oficial en My love Michelle short film festival TEXAS,USA )*Un Instante (Festival de Cine Inusual 2016, Global short film Arward, Indie widside film festival, Lake International Film Festival ,Kenia africa, entre otros)*H\u00e9roes (marzo\/Abril 2016) y Cicatrices (filmado en la boca, Caminito), Seleccionado en festivales nacionales e internacionales: : Festival de tapiales 2016, Festival de Saladillo 2017, Hollywood Dead film festival l2017,MEDFF (ITALIA),Frotbite Film Festival colorado, USA,Women film festival New York, Calcutta International Film India, entre otros)\u200b\u200b*Sofia, La leyenda de Aguas verdes (declarado de inter\u00e9s cultural por la Legislatura del Partido de la costa.).y quien ha quedado a fines de marzo en el Festival Frostbite Film Festival Colorado (USA), Seleccion Oficial en Hollywod dead Festival,(mayo 2017) y en ITALIA en el festival MedFFlive (julio) Junto con otras tres grandes productoras asociadas: LuminartFilm , Kinesisgroup y el Partido de la costa\u200bEn Junio del 2017, nace El Vende Humo, que se encuentra actualmente recorriendo todos los festivales Su primer documental, Pechito, Hijo de la vida, que se estren\u00f3 en diciembre el 2018 en La Noche De los Museos ( EX ESMA).Seguido a esto, Gana como MEJOR DOCUMENTAL en el festival internacional de Cine Con Riesgo 2019. En enero participa para el festival de los 70 a\u00f1os de de Derechos Humanos (Villa Maria , Cordoba), llev\u00e1ndose la ovaci\u00f3n y los aplausos de toda la provincia. Participo en San Nicolas en la muestra de documentales 03\/2019 y en 10\/2019 , En el festival Internacional de Cine Inusual 2019. (Actualmente sigue recorriendo festivales nacionales e internacionales).A finales del 2019 y principio del 2020, escribi\u00f3 y produjo la pel\u00edcula : URPUS, LEYENDAS DE TERROR, (5 leyendas de terror, dirigida por 5 directoras Nacionales) Actualmente se encuentra en postproducci\u00f3n y pr\u00f3ximamente a estrenarse. Dirigi\u00f3 y produjo el video clip Intentando (de los autores y ganadores del AKADEMIA MUSIC AWARDS, COMO MEJOR CANCI\u00d3N LATIN \/ POP) Willy Poch y Juliet G\u00f3mez) <\/p>\n\n\n\n<p><strong>Visita su p\u00e1gina en <a href=\"https:\/\/www.facebook.com\/ruthgomezdirectoradecine\/\">Facebook<\/a><\/strong><\/p>\n\n\n\n<div class=\"wp-block-image\"><figure class=\"aligncenter size-large is-resized\"><img loading=\"lazy\" decoding=\"async\" src=\"https:\/\/www.elsindical.com.ar\/notas\/var\/www\/html\/notas\/wp-content\/uploads\/2020\/10\/Ruth-G.jpg\" alt=\"\" class=\"wp-image-99506\" width=\"572\" height=\"578\" srcset=\"https:\/\/www.elsindical.com.ar\/notas\/var\/www\/html\/notas\/wp-content\/uploads\/2020\/10\/Ruth-G.jpg 470w, https:\/\/www.elsindical.com.ar\/notas\/var\/www\/html\/notas\/wp-content\/uploads\/2020\/10\/Ruth-G-297x300.jpg 297w, https:\/\/www.elsindical.com.ar\/notas\/var\/www\/html\/notas\/wp-content\/uploads\/2020\/10\/Ruth-G-50x50.jpg 50w\" sizes=\"auto, (max-width: 572px) 100vw, 572px\" \/><\/figure><\/div>\n","protected":false},"excerpt":{"rendered":"<p>Naci\u00f3 en Capital Federal e hizo sus estudios en la Universidad Nacional La Matanza.Luego se form\u00f3 en la Cl\u00ednica de guiones, de Natural Arpajou y sigui\u00f3 haciendo cursos de Realizaci\u00f3n Cinematogr\u00e1fica en el mismo establecimiento. En MIGRE (Asociaci\u00f3n de Autores Audiovisuales) adquiri\u00f3 otros conocimientos cinematogr\u00e1ficos de la mano de Ramiro San Honorio (Transmedia, Crossmedia, Historia&hellip;<\/p>\n","protected":false},"author":1,"featured_media":99505,"comment_status":"open","ping_status":"open","sticky":false,"template":"","format":"standard","meta":{"footnotes":""},"categories":[15],"tags":[2450,33666,219,33564],"class_list":["post-99504","post","type-post","status-publish","format-standard","has-post-thumbnail","hentry","category-espectaculos","tag-diario-el-sindical","tag-directora-de-cine","tag-facebook","tag-ruth-gomez"],"_links":{"self":[{"href":"https:\/\/www.elsindical.com.ar\/notas\/wp-json\/wp\/v2\/posts\/99504","targetHints":{"allow":["GET"]}}],"collection":[{"href":"https:\/\/www.elsindical.com.ar\/notas\/wp-json\/wp\/v2\/posts"}],"about":[{"href":"https:\/\/www.elsindical.com.ar\/notas\/wp-json\/wp\/v2\/types\/post"}],"author":[{"embeddable":true,"href":"https:\/\/www.elsindical.com.ar\/notas\/wp-json\/wp\/v2\/users\/1"}],"replies":[{"embeddable":true,"href":"https:\/\/www.elsindical.com.ar\/notas\/wp-json\/wp\/v2\/comments?post=99504"}],"version-history":[{"count":1,"href":"https:\/\/www.elsindical.com.ar\/notas\/wp-json\/wp\/v2\/posts\/99504\/revisions"}],"predecessor-version":[{"id":99507,"href":"https:\/\/www.elsindical.com.ar\/notas\/wp-json\/wp\/v2\/posts\/99504\/revisions\/99507"}],"wp:featuredmedia":[{"embeddable":true,"href":"https:\/\/www.elsindical.com.ar\/notas\/wp-json\/wp\/v2\/media\/99505"}],"wp:attachment":[{"href":"https:\/\/www.elsindical.com.ar\/notas\/wp-json\/wp\/v2\/media?parent=99504"}],"wp:term":[{"taxonomy":"category","embeddable":true,"href":"https:\/\/www.elsindical.com.ar\/notas\/wp-json\/wp\/v2\/categories?post=99504"},{"taxonomy":"post_tag","embeddable":true,"href":"https:\/\/www.elsindical.com.ar\/notas\/wp-json\/wp\/v2\/tags?post=99504"}],"curies":[{"name":"wp","href":"https:\/\/api.w.org\/{rel}","templated":true}]}}