{"id":99464,"date":"2020-10-18T18:56:08","date_gmt":"2020-10-18T21:56:08","guid":{"rendered":"https:\/\/www.elsindical.com.ar\/notas\/?p=99464"},"modified":"2020-10-18T18:56:10","modified_gmt":"2020-10-18T21:56:10","slug":"se-presenta-neosurco-una-nueva-asociacion-artistas-del-conurbano-sur","status":"publish","type":"post","link":"https:\/\/www.elsindical.com.ar\/notas\/se-presenta-neosurco-una-nueva-asociacion-artistas-del-conurbano-sur\/","title":{"rendered":"Se presenta NeoSurco, una nueva asociaci\u00f3n artistas del Conurbano Sur"},"content":{"rendered":"\n<figure class=\"wp-block-image size-large\"><img loading=\"lazy\" decoding=\"async\" width=\"1024\" height=\"694\" src=\"https:\/\/www.elsindical.com.ar\/notas\/var\/www\/html\/notas\/wp-content\/uploads\/2020\/10\/Neo-Surco-1024x694.jpeg\" alt=\"\" class=\"wp-image-99465\" srcset=\"https:\/\/www.elsindical.com.ar\/notas\/var\/www\/html\/notas\/wp-content\/uploads\/2020\/10\/Neo-Surco-1024x694.jpeg 1024w, https:\/\/www.elsindical.com.ar\/notas\/var\/www\/html\/notas\/wp-content\/uploads\/2020\/10\/Neo-Surco-300x203.jpeg 300w, https:\/\/www.elsindical.com.ar\/notas\/var\/www\/html\/notas\/wp-content\/uploads\/2020\/10\/Neo-Surco-768x521.jpeg 768w, https:\/\/www.elsindical.com.ar\/notas\/var\/www\/html\/notas\/wp-content\/uploads\/2020\/10\/Neo-Surco-442x300.jpeg 442w, https:\/\/www.elsindical.com.ar\/notas\/var\/www\/html\/notas\/wp-content\/uploads\/2020\/10\/Neo-Surco.jpeg 1280w\" sizes=\"auto, (max-width: 1024px) 100vw, 1024px\" \/><\/figure>\n\n\n\n<p>El Nuevo Espacio de Organizaci\u00f3n del Sur del Conurbano (NEOSURCO), una asociaci\u00f3n para difundir y profesionalizar los trabajos art\u00edsticos, se presentar\u00e1 este lunes 19 por Facebook live. Contar\u00e1 con la participaci\u00f3n de distintos representantes pol\u00edticos, organizaciones de derechos humanos y colectivos art\u00edsticos.<\/p>\n\n\n\n<p>Nicol\u00e1s Cesare, actor, escritor y vicepresidente de la Asociaci\u00f3n, asegur\u00f3: \u201cEstamos contentos porque es un proyecto que ir\u00e1 creciendo y no puede dejar de tener el compromiso de la militancia cultural y art\u00edstica\u201d.\u00a0<\/p>\n\n\n\n<p>NeoSurco surgi\u00f3 con la idea de gestionar, difundir y profesionalizar los trabajos art\u00edsticos de cualquier disciplina cultural, adem\u00e1s de generar puentes de trabajo entre organizaciones, espacios culturales, entidades privadas y p\u00fablicas.<\/p>\n\n\n\n<p>La presentaci\u00f3n empezar\u00e1 a las 18 hs y contar\u00e1 con la presencia de Alicia L\u00f3pez, Presidenta de Neo Surco, An\u00edbal Dinaro, Secretario, y Cesare. Se transmitir\u00e1 por la p\u00e1gina de Facebook de NeoSurco y estar\u00e1n diputados nacionales y provinciales, concejales locales, secretarios de cultura, personas responsables del Instituto Nacional del Teatro, de la M\u00fasica, integrantes del INCAA y rectores universitarios, entre otros.<\/p>\n\n\n\n<p>El espacio pretende crear una comunidad entre de todas y todos los trabajadores de la cultura y el arte del Conurbano Sur, funcionar como una red de difusi\u00f3n laboral de cada \u00e1rea, generar convenios que beneficien a los trabajadores y generar una plataforma digital que contenga a los artistas de cada disciplina.<\/p>\n\n\n\n<p>En este sentido, Cesare explic\u00f3 que \u201cel objetivo principal es tratar de llegar a una democracia cultural\u201d y \u201cponer en valor el trabajo art\u00edstico\u201d. \u201cDespu\u00e9s de la incertidumbre que gener\u00f3 y va a generar la pandemia, esperamos ser el punto de partida para un trabajo social, solidario y colectivo entre toda la comunidad art\u00edstica\u201d, asever\u00f3.&nbsp;<\/p>\n\n\n\n<p>Si bien ya comenzaron a plantear propuestas de gesti\u00f3n para el a\u00f1o que viene en conjunto con distintas \u00e1reas de gobierno, durante lo que resta del 2020 se realizar\u00e1n conversatorios con docentes de la Universidad Nacional de Avellaneda (UNDAV), y se presentar\u00e1n ciertas herramientas para la profesionalizaci\u00f3n de distintas tareas art\u00edsticas.<\/p>\n","protected":false},"excerpt":{"rendered":"<p>El Nuevo Espacio de Organizaci\u00f3n del Sur del Conurbano (NEOSURCO), una asociaci\u00f3n para difundir y profesionalizar los trabajos art\u00edsticos, se presentar\u00e1 este lunes 19 por Facebook live. Contar\u00e1 con la participaci\u00f3n de distintos representantes pol\u00edticos, organizaciones de derechos humanos y colectivos art\u00edsticos. Nicol\u00e1s Cesare, actor, escritor y vicepresidente de la Asociaci\u00f3n, asegur\u00f3: \u201cEstamos contentos porque&hellip;<\/p>\n","protected":false},"author":1,"featured_media":99465,"comment_status":"open","ping_status":"open","sticky":false,"template":"","format":"standard","meta":{"footnotes":""},"categories":[15],"tags":[4873,29557,10864,2450,7641,33661],"class_list":["post-99464","post","type-post","status-publish","format-standard","has-post-thumbnail","hentry","category-espectaculos","tag-arte","tag-conurbano-sur","tag-cultura-2","tag-diario-el-sindical","tag-gestion","tag-neo-surco"],"_links":{"self":[{"href":"https:\/\/www.elsindical.com.ar\/notas\/wp-json\/wp\/v2\/posts\/99464","targetHints":{"allow":["GET"]}}],"collection":[{"href":"https:\/\/www.elsindical.com.ar\/notas\/wp-json\/wp\/v2\/posts"}],"about":[{"href":"https:\/\/www.elsindical.com.ar\/notas\/wp-json\/wp\/v2\/types\/post"}],"author":[{"embeddable":true,"href":"https:\/\/www.elsindical.com.ar\/notas\/wp-json\/wp\/v2\/users\/1"}],"replies":[{"embeddable":true,"href":"https:\/\/www.elsindical.com.ar\/notas\/wp-json\/wp\/v2\/comments?post=99464"}],"version-history":[{"count":1,"href":"https:\/\/www.elsindical.com.ar\/notas\/wp-json\/wp\/v2\/posts\/99464\/revisions"}],"predecessor-version":[{"id":99466,"href":"https:\/\/www.elsindical.com.ar\/notas\/wp-json\/wp\/v2\/posts\/99464\/revisions\/99466"}],"wp:featuredmedia":[{"embeddable":true,"href":"https:\/\/www.elsindical.com.ar\/notas\/wp-json\/wp\/v2\/media\/99465"}],"wp:attachment":[{"href":"https:\/\/www.elsindical.com.ar\/notas\/wp-json\/wp\/v2\/media?parent=99464"}],"wp:term":[{"taxonomy":"category","embeddable":true,"href":"https:\/\/www.elsindical.com.ar\/notas\/wp-json\/wp\/v2\/categories?post=99464"},{"taxonomy":"post_tag","embeddable":true,"href":"https:\/\/www.elsindical.com.ar\/notas\/wp-json\/wp\/v2\/tags?post=99464"}],"curies":[{"name":"wp","href":"https:\/\/api.w.org\/{rel}","templated":true}]}}