{"id":9943,"date":"2010-09-30T13:19:59","date_gmt":"2010-09-30T16:19:59","guid":{"rendered":"http:\/\/www.elsindical.com.ar\/notas\/?p=9943"},"modified":"2010-09-30T13:19:59","modified_gmt":"2010-09-30T16:19:59","slug":"ecuadormasiva-rebelion-de-policias-militares-y-ciudadanos-contra-el-presidente-correa","status":"publish","type":"post","link":"https:\/\/www.elsindical.com.ar\/notas\/ecuadormasiva-rebelion-de-policias-militares-y-ciudadanos-contra-el-presidente-correa\/","title":{"rendered":"Ecuador:Masiva rebeli\u00f3n de polic\u00edas, militares y ciudadanos contra el presidente Correa"},"content":{"rendered":"<p id=\"copeteNota\" style=\"text-align: justify;\"><em><a href=\"http:\/\/www.elsindical.com.ar\/notas\/var\/www\/html\/notas\/wp-content\/uploads\/2010\/09\/protesta-policial-en-Ecuado.jpg\"><img loading=\"lazy\" decoding=\"async\" class=\"alignleft size-medium wp-image-9944\" title=\"protesta-policial-en-Ecuado\" src=\"http:\/\/www.elsindical.com.ar\/notas\/var\/www\/html\/notas\/wp-content\/uploads\/2010\/09\/protesta-policial-en-Ecuado-300x180.jpg\" alt=\"\" width=\"300\" height=\"180\" srcset=\"https:\/\/www.elsindical.com.ar\/notas\/var\/www\/html\/notas\/wp-content\/uploads\/2010\/09\/protesta-policial-en-Ecuado-300x180.jpg 300w, https:\/\/www.elsindical.com.ar\/notas\/var\/www\/html\/notas\/wp-content\/uploads\/2010\/09\/protesta-policial-en-Ecuado.jpg 413w\" sizes=\"auto, (max-width: 300px) 100vw, 300px\" \/><\/a>Miembros de la Fuerza A\u00e9rea tomaron <strong>el aeropuerto de Quito <\/strong>y se paralizaron todos los vuelos y <strong>miles de polic\u00edas ocuparon las comisar\u00edas <\/strong>de la capital. Protestan contra el presidente Correa.<\/em><\/p>\n<p id=\"cuerpoNota\" style=\"text-align: justify;\"><strong>Cerca de mil polic\u00edas se insubordinaron hoy en Quito desde las 07:00 horas local y se tomaron el Regimiento Quito, el mayor de la capital, a donde acudi\u00f3 el presidente Rafael Correa, quien no pudo dialogar con ellos y se\u00f1al\u00f3 que si lo quieren matar, que lo maten, pero que no dar\u00e1 \u00abni un paso atr\u00e1s\u00bb. <\/strong><\/p>\n<p>El amotinamiento policial se extendi\u00f3 r\u00e1pidamente hacia el resto del territorio nacional y existen carreteras y v\u00edas obstaculizadas y cierre de algunos aeropuertos, mientras el discurso de Correa no calm\u00f3 a los insubordinados.<\/p>\n<p>El mandatario, desde una ventana del Regimiento, en un improvisado discurso, se quit\u00f3 la corbata y se abri\u00f3 la camisa para mostrar que no llevaba protecci\u00f3n antibalas, al se\u00f1alar que no dar\u00e1 marcha atr\u00e1s en la ley de servicio p\u00fablico, causa de la pol\u00e9mica con la Polic\u00eda, a quienes, con esa ley aprobada este martes por la Asamblea Nacional, se les retira condecoraciones y bonos.<\/p>\n<p>Correa recibi\u00f3 baldazos de agua al tratar de retirarse del Regimiento, en medio de la turba, y fue empujado al tratar de abrirse paso, al tiempo que su escolta dispar\u00f3 bombas lacrim\u00f3genas para facilitar la evacuaci\u00f3n presidencial.<\/p>\n<p>Mientras el ministro de Seguridad Interna y Externa, Miguel Carvajal, dio una rueda de prensa urgente en que confi\u00f3 \u00abque todo vuelva a la calma en pocos minutos\u00bb, al superar la desinformaci\u00f3n que ha causado este hecho.<\/p>\n<p>Se trata de la primera crisis grave que enfrenta Correa con la Polic\u00eda de Ecuador, tras haber asumido el poder en 2007.<\/p>\n<p style=\"text-align: justify;\"><strong>Robos, saqueos y violentas manifestaciones <\/strong><\/p>\n<p id=\"copeteNota\" style=\"text-align: justify;\">La ola de violencia desat\u00f3 una revuelta social en las calles. Se registran saqueos en negocios y bancos. Los patrulleros recibieron la orden de regresar al cuartel, por lo que <strong>Quito se qued\u00f3 sin vigilancia en las calles.<\/strong><\/p>\n<p id=\"cuerpoNota\" style=\"text-align: justify;\"><strong>La situaci\u00f3n de violencia en la calles se desat\u00f3 en Ecuador y la revuelta social es incontrolable en ese pa\u00eds tras la ley que aprob\u00f3 Correa la cual le quita privilegios a la Polic\u00eda. <\/strong><br \/>\n<strong><\/strong><br \/>\nSe registran saqueos en negocios y bancos. Los patrulleros recibieron la orden de regresar al cuartel, por lo que lo que <strong>Quito se qued\u00f3 si vigilancia en las calles. <\/strong>Adem\u00e1s, anunciaron el asalto a el Mall del Sur, el principal shiing de Quito.<\/p>\n<p><strong>Se registran calles y rutas bloqueadas y recomiendan a la gente que se quede en lugar es cerrados. Las escuelas fueron cerradas.<\/strong><\/p>\n","protected":false},"excerpt":{"rendered":"<p>Miembros de la Fuerza A\u00e9rea tomaron el aeropuerto de Quito y se paralizaron todos los vuelos y miles de polic\u00edas ocuparon las comisar\u00edas de la capital. Protestan contra el presidente Correa. Cerca de mil polic\u00edas se insubordinaron hoy en Quito desde las 07:00 horas local y se tomaron el Regimiento Quito, el mayor de la&hellip;<\/p>\n","protected":false},"author":1,"featured_media":0,"comment_status":"open","ping_status":"open","sticky":false,"template":"","format":"standard","meta":{"footnotes":""},"categories":[18],"tags":[4795,4793,118,547,3347,4796,1174,2119],"class_list":["post-9943","post","type-post","status-publish","format-standard","hentry","category-internacionales","tag-ecuador","tag-militares","tag-policias","tag-presidente","tag-protestas","tag-quito","tag-robos","tag-saqueos"],"_links":{"self":[{"href":"https:\/\/www.elsindical.com.ar\/notas\/wp-json\/wp\/v2\/posts\/9943","targetHints":{"allow":["GET"]}}],"collection":[{"href":"https:\/\/www.elsindical.com.ar\/notas\/wp-json\/wp\/v2\/posts"}],"about":[{"href":"https:\/\/www.elsindical.com.ar\/notas\/wp-json\/wp\/v2\/types\/post"}],"author":[{"embeddable":true,"href":"https:\/\/www.elsindical.com.ar\/notas\/wp-json\/wp\/v2\/users\/1"}],"replies":[{"embeddable":true,"href":"https:\/\/www.elsindical.com.ar\/notas\/wp-json\/wp\/v2\/comments?post=9943"}],"version-history":[{"count":1,"href":"https:\/\/www.elsindical.com.ar\/notas\/wp-json\/wp\/v2\/posts\/9943\/revisions"}],"predecessor-version":[{"id":9945,"href":"https:\/\/www.elsindical.com.ar\/notas\/wp-json\/wp\/v2\/posts\/9943\/revisions\/9945"}],"wp:attachment":[{"href":"https:\/\/www.elsindical.com.ar\/notas\/wp-json\/wp\/v2\/media?parent=9943"}],"wp:term":[{"taxonomy":"category","embeddable":true,"href":"https:\/\/www.elsindical.com.ar\/notas\/wp-json\/wp\/v2\/categories?post=9943"},{"taxonomy":"post_tag","embeddable":true,"href":"https:\/\/www.elsindical.com.ar\/notas\/wp-json\/wp\/v2\/tags?post=9943"}],"curies":[{"name":"wp","href":"https:\/\/api.w.org\/{rel}","templated":true}]}}