{"id":99407,"date":"2020-10-15T21:53:47","date_gmt":"2020-10-16T00:53:47","guid":{"rendered":"https:\/\/www.elsindical.com.ar\/notas\/?p=99407"},"modified":"2020-10-15T21:57:41","modified_gmt":"2020-10-16T00:57:41","slug":"desbarataron-una-red-internacional-de-pedofilia","status":"publish","type":"post","link":"https:\/\/www.elsindical.com.ar\/notas\/desbarataron-una-red-internacional-de-pedofilia\/","title":{"rendered":"Desbarataron una red internacional de pedofilia"},"content":{"rendered":"\n<figure class=\"wp-block-image size-large\"><img loading=\"lazy\" decoding=\"async\" width=\"845\" height=\"563\" src=\"https:\/\/www.elsindical.com.ar\/notas\/var\/www\/html\/notas\/wp-content\/uploads\/2020\/10\/allanamiento-pedofilia-1.jpg\" alt=\"\" class=\"wp-image-99408\" srcset=\"https:\/\/www.elsindical.com.ar\/notas\/var\/www\/html\/notas\/wp-content\/uploads\/2020\/10\/allanamiento-pedofilia-1.jpg 845w, https:\/\/www.elsindical.com.ar\/notas\/var\/www\/html\/notas\/wp-content\/uploads\/2020\/10\/allanamiento-pedofilia-1-300x200.jpg 300w, https:\/\/www.elsindical.com.ar\/notas\/var\/www\/html\/notas\/wp-content\/uploads\/2020\/10\/allanamiento-pedofilia-1-768x512.jpg 768w, https:\/\/www.elsindical.com.ar\/notas\/var\/www\/html\/notas\/wp-content\/uploads\/2020\/10\/allanamiento-pedofilia-1-450x300.jpg 450w\" sizes=\"auto, (max-width: 845px) 100vw, 845px\" \/><\/figure>\n\n\n\n<p class=\"wp-block-paragraph\">La polic\u00eda de la Provincia de Buenos Aires, junto a sus pares de Polic\u00eda Federal, realizaron en las \u00faltimas horas 110 allanamientos en todo el pa\u00eds desbaratando una red internacional de pedofilia e imputando a m\u00e1s de 120 personas.<\/p>\n\n\n\n<p class=\"wp-block-paragraph\">A trav\u00e9s del Ministerio de Seguridad que encabeza Sergio Berni, se inform\u00f3 que en la Provincia de Buenos Aires se realizaron m\u00e1s de 32 allanamientos con un saldo altamente positivo utilizando agentes reveladores infiltrados y evidencias digitales tras un arduo trabajo de inteligencia.<\/p>\n\n\n\n<p class=\"wp-block-paragraph\">Interviene en el hecho la Ayudant\u00eda Fiscal Delitos Conexos a cargo del Fiscal Dr. Daniel Ichazo, Secretaria a cargo del Dr. Rafael Garc\u00eda, siendo caratulado en principio como \u00abMaterial de explotaci\u00f3n sexual infantil -presunta Asociaci\u00f3n Il\u00edcita contra la Integridad Sexual de menores\u00bb.<\/p>\n\n\n\n<figure class=\"wp-block-gallery columns-1 is-cropped wp-block-gallery-1 is-layout-flex wp-block-gallery-is-layout-flex\"><ul class=\"blocks-gallery-grid\"><li class=\"blocks-gallery-item\"><figure><img loading=\"lazy\" decoding=\"async\" width=\"827\" height=\"551\" src=\"https:\/\/www.elsindical.com.ar\/notas\/var\/www\/html\/notas\/wp-content\/uploads\/2020\/10\/allanamiento-pedofilia-2.jpg\" alt=\"\" data-id=\"99409\" data-full-url=\"https:\/\/www.elsindical.com.ar\/notas\/var\/www\/html\/notas\/wp-content\/uploads\/2020\/10\/allanamiento-pedofilia-2.jpg\" data-link=\"https:\/\/www.elsindical.com.ar\/notas\/?attachment_id=99409#main\" class=\"wp-image-99409\" srcset=\"https:\/\/www.elsindical.com.ar\/notas\/var\/www\/html\/notas\/wp-content\/uploads\/2020\/10\/allanamiento-pedofilia-2.jpg 827w, https:\/\/www.elsindical.com.ar\/notas\/var\/www\/html\/notas\/wp-content\/uploads\/2020\/10\/allanamiento-pedofilia-2-300x200.jpg 300w, https:\/\/www.elsindical.com.ar\/notas\/var\/www\/html\/notas\/wp-content\/uploads\/2020\/10\/allanamiento-pedofilia-2-768x512.jpg 768w, https:\/\/www.elsindical.com.ar\/notas\/var\/www\/html\/notas\/wp-content\/uploads\/2020\/10\/allanamiento-pedofilia-2-450x300.jpg 450w\" sizes=\"auto, (max-width: 827px) 100vw, 827px\" \/><\/figure><\/li><li class=\"blocks-gallery-item\"><figure><img loading=\"lazy\" decoding=\"async\" width=\"836\" height=\"555\" src=\"https:\/\/www.elsindical.com.ar\/notas\/var\/www\/html\/notas\/wp-content\/uploads\/2020\/10\/allanamiento-pedofilia-3.jpg\" alt=\"\" data-id=\"99410\" data-full-url=\"https:\/\/www.elsindical.com.ar\/notas\/var\/www\/html\/notas\/wp-content\/uploads\/2020\/10\/allanamiento-pedofilia-3.jpg\" data-link=\"https:\/\/www.elsindical.com.ar\/notas\/?attachment_id=99410#main\" class=\"wp-image-99410\" srcset=\"https:\/\/www.elsindical.com.ar\/notas\/var\/www\/html\/notas\/wp-content\/uploads\/2020\/10\/allanamiento-pedofilia-3.jpg 836w, https:\/\/www.elsindical.com.ar\/notas\/var\/www\/html\/notas\/wp-content\/uploads\/2020\/10\/allanamiento-pedofilia-3-300x199.jpg 300w, https:\/\/www.elsindical.com.ar\/notas\/var\/www\/html\/notas\/wp-content\/uploads\/2020\/10\/allanamiento-pedofilia-3-768x510.jpg 768w, https:\/\/www.elsindical.com.ar\/notas\/var\/www\/html\/notas\/wp-content\/uploads\/2020\/10\/allanamiento-pedofilia-3-452x300.jpg 452w\" sizes=\"auto, (max-width: 836px) 100vw, 836px\" \/><\/figure><\/li><li class=\"blocks-gallery-item\"><figure><img loading=\"lazy\" decoding=\"async\" width=\"832\" height=\"553\" src=\"https:\/\/www.elsindical.com.ar\/notas\/var\/www\/html\/notas\/wp-content\/uploads\/2020\/10\/allanamiento-pedofilia-4.jpg\" alt=\"\" data-id=\"99411\" data-full-url=\"https:\/\/www.elsindical.com.ar\/notas\/var\/www\/html\/notas\/wp-content\/uploads\/2020\/10\/allanamiento-pedofilia-4.jpg\" data-link=\"https:\/\/www.elsindical.com.ar\/notas\/?attachment_id=99411#main\" class=\"wp-image-99411\" srcset=\"https:\/\/www.elsindical.com.ar\/notas\/var\/www\/html\/notas\/wp-content\/uploads\/2020\/10\/allanamiento-pedofilia-4.jpg 832w, https:\/\/www.elsindical.com.ar\/notas\/var\/www\/html\/notas\/wp-content\/uploads\/2020\/10\/allanamiento-pedofilia-4-300x199.jpg 300w, https:\/\/www.elsindical.com.ar\/notas\/var\/www\/html\/notas\/wp-content\/uploads\/2020\/10\/allanamiento-pedofilia-4-768x510.jpg 768w, https:\/\/www.elsindical.com.ar\/notas\/var\/www\/html\/notas\/wp-content\/uploads\/2020\/10\/allanamiento-pedofilia-4-451x300.jpg 451w\" sizes=\"auto, (max-width: 832px) 100vw, 832px\" \/><\/figure><\/li><li class=\"blocks-gallery-item\"><figure><img loading=\"lazy\" decoding=\"async\" width=\"832\" height=\"556\" src=\"https:\/\/www.elsindical.com.ar\/notas\/var\/www\/html\/notas\/wp-content\/uploads\/2020\/10\/allanamiento-pedofilia-5.jpg\" alt=\"\" data-id=\"99412\" data-full-url=\"https:\/\/www.elsindical.com.ar\/notas\/var\/www\/html\/notas\/wp-content\/uploads\/2020\/10\/allanamiento-pedofilia-5.jpg\" data-link=\"https:\/\/www.elsindical.com.ar\/notas\/?attachment_id=99412#main\" class=\"wp-image-99412\" srcset=\"https:\/\/www.elsindical.com.ar\/notas\/var\/www\/html\/notas\/wp-content\/uploads\/2020\/10\/allanamiento-pedofilia-5.jpg 832w, https:\/\/www.elsindical.com.ar\/notas\/var\/www\/html\/notas\/wp-content\/uploads\/2020\/10\/allanamiento-pedofilia-5-300x200.jpg 300w, https:\/\/www.elsindical.com.ar\/notas\/var\/www\/html\/notas\/wp-content\/uploads\/2020\/10\/allanamiento-pedofilia-5-768x513.jpg 768w, https:\/\/www.elsindical.com.ar\/notas\/var\/www\/html\/notas\/wp-content\/uploads\/2020\/10\/allanamiento-pedofilia-5-449x300.jpg 449w\" sizes=\"auto, (max-width: 832px) 100vw, 832px\" \/><\/figure><\/li><\/ul><\/figure>\n\n\n\n<iframe loading=\"lazy\" width=\"580\" height=\"420\" src=\"https:\/\/www.youtube.com\/embed\/w0xj1EWfcPc\" frameborder=\"0\" allow=\"accelerometer; autoplay; clipboard-write; encrypted-media; gyroscope; picture-in-picture\" allowfullscreen><\/iframe>\n","protected":false},"excerpt":{"rendered":"<p>La polic\u00eda de la Provincia de Buenos Aires, junto a sus pares de Polic\u00eda Federal, realizaron en las \u00faltimas horas 110 allanamientos en todo el pa\u00eds desbaratando una red internacional de pedofilia e imputando a m\u00e1s de 120 personas. A trav\u00e9s del Ministerio de Seguridad que encabeza Sergio Berni, se inform\u00f3 que en la Provincia&hellip;<\/p>\n","protected":false},"author":1,"featured_media":99408,"comment_status":"open","ping_status":"open","sticky":false,"template":"","format":"standard","meta":{"footnotes":""},"categories":[22],"tags":[493,2450,252,30065,698,749,33650,11727],"class_list":["post-99407","post","type-post","status-publish","format-standard","has-post-thumbnail","hentry","category-policiales","tag-allanamientos","tag-diario-el-sindical","tag-menores","tag-pedofilia-2","tag-pfa","tag-policia-bonaerense","tag-red-internacional","tag-sergio-berni"],"_links":{"self":[{"href":"https:\/\/www.elsindical.com.ar\/notas\/wp-json\/wp\/v2\/posts\/99407","targetHints":{"allow":["GET"]}}],"collection":[{"href":"https:\/\/www.elsindical.com.ar\/notas\/wp-json\/wp\/v2\/posts"}],"about":[{"href":"https:\/\/www.elsindical.com.ar\/notas\/wp-json\/wp\/v2\/types\/post"}],"author":[{"embeddable":true,"href":"https:\/\/www.elsindical.com.ar\/notas\/wp-json\/wp\/v2\/users\/1"}],"replies":[{"embeddable":true,"href":"https:\/\/www.elsindical.com.ar\/notas\/wp-json\/wp\/v2\/comments?post=99407"}],"version-history":[{"count":2,"href":"https:\/\/www.elsindical.com.ar\/notas\/wp-json\/wp\/v2\/posts\/99407\/revisions"}],"predecessor-version":[{"id":99415,"href":"https:\/\/www.elsindical.com.ar\/notas\/wp-json\/wp\/v2\/posts\/99407\/revisions\/99415"}],"wp:featuredmedia":[{"embeddable":true,"href":"https:\/\/www.elsindical.com.ar\/notas\/wp-json\/wp\/v2\/media\/99408"}],"wp:attachment":[{"href":"https:\/\/www.elsindical.com.ar\/notas\/wp-json\/wp\/v2\/media?parent=99407"}],"wp:term":[{"taxonomy":"category","embeddable":true,"href":"https:\/\/www.elsindical.com.ar\/notas\/wp-json\/wp\/v2\/categories?post=99407"},{"taxonomy":"post_tag","embeddable":true,"href":"https:\/\/www.elsindical.com.ar\/notas\/wp-json\/wp\/v2\/tags?post=99407"}],"curies":[{"name":"wp","href":"https:\/\/api.w.org\/{rel}","templated":true}]}}