{"id":99368,"date":"2020-10-14T01:20:41","date_gmt":"2020-10-14T04:20:41","guid":{"rendered":"https:\/\/www.elsindical.com.ar\/notas\/?p=99368"},"modified":"2020-10-14T01:20:43","modified_gmt":"2020-10-14T04:20:43","slug":"efemerides-del-dia-14-de-octubre-6","status":"publish","type":"post","link":"https:\/\/www.elsindical.com.ar\/notas\/efemerides-del-dia-14-de-octubre-6\/","title":{"rendered":"EFEM\u00c9RIDES: DEL D\u00cdA 14 DE OCTUBRE"},"content":{"rendered":"\n<p>\u2013 D\u00eda mundial de la Espirometr\u00eda<\/p>\n\n\n\n<p>\u2013 D\u00eda mundial de la Costurera<\/p>\n\n\n\n<p>1066 \u2013 Batalla de Hastings: Guillermo el Conquistador derrota a las fuerzas inglesas de Haroldo II.<\/p>\n\n\n\n<p>1536 \u2013 Muere Garcilaso de la Vega, poeta espa\u00f1ol.<\/p>\n\n\n\n<p>1784 \u2013 Nace Fernando VII, rey de Espa\u00f1a.<\/p>\n\n\n\n<p>1806 \u2013 Se lleva a cabo la Batalla de Jena, en el marco de las Guerras Napole\u00f3nicas.<\/p>\n\n\n\n<p>1809 \u2013 Por el tratado de Schonbrunn Napole\u00f3n se anexa regiones del Imperio Austriaco.<\/p>\n\n\n\n<p>1813 \u2013 El Ayuntamiento de Caracas confiere a Sim\u00f3n Bol\u00edvar el t\u00edtulo de \u00abLibertador\u00bb.<\/p>\n\n\n\n<p>1890 \u2013 Nace Dwight D. Eisenhower, 34to. Presidente de los EE.UU.<\/p>\n\n\n\n<p>1894 \u2013 Nace E.E. Cummings, poeta estadounidense.<\/p>\n\n\n\n<p>1905 \u2013 Huelga general en Rusia, inicio de la primera revoluci\u00f3n.<\/p>\n\n\n\n<p>1913 \u2013 Cat\u00e1strofe minera en Gales por la explosi\u00f3n de los pozos de la \u00abUniversal\u00bb: mueren 439 personas.<\/p>\n\n\n\n<p>1923 \u2013 Las autoridades de Mosc\u00fa implantan en toda la URSS el calendario gregoriano.<\/p>\n\n\n\n<p>1927 \u2013 Nace Roger Moore, actor brit\u00e1nico.<\/p>\n\n\n\n<p>1933 \u2013 La Alemania nazi anuncia su retirada de la Sociedad de Naciones y de la Conferencia de Desarme.<\/p>\n\n\n\n<p>1934 \u2013 Nace Horacio Accavallo, boxeador.<\/p>\n\n\n\n<p>1944 \u2013 Suicidio del general Rommel, considerado por Hitler culpable de un complot contra su persona.<\/p>\n\n\n\n<p>1946 \u2013 Nace Chiche Duhalde, pol\u00edtica argentina.<\/p>\n\n\n\n<p>1949 \u2013 Comienza la \u201ccaza de brujas\u201d en EEUU: investigaci\u00f3n contra sospechosos de simpatizar con el comunismo.<\/p>\n\n\n\n<p>1951 \u2013 Se crea la Organizaci\u00f3n de Estados Centroamericanos.<\/p>\n\n\n\n<p>1959 \u2013 Muere Errol Flynn, actor.<\/p>\n\n\n\n<p>1962 \u2013 Un avi\u00f3n esp\u00eda estadounidense descubre rampas de misiles en Cuba, lo que desata la mayor crisis de la \u00abGuerra Fr\u00eda\u00bb entre EEUU y la URSS.<\/p>\n\n\n\n<p>1964 \u2013 Es destituido Nikita Kruschev como secretario general del PCUS y jefe del Gobierno sovi\u00e9tico.<\/p>\n\n\n\n<p>1977 \u2013 Muere \u00abBing\u00bb Crosby, actor, cantante y compositor estadounidense.<\/p>\n\n\n\n<p>1978 \u2013 Nace Usher, cantante y actor estadounidense.<\/p>\n\n\n\n<p>1980 \u2013 Muere Oscar Alem\u00e1n, guitarrista y compositor argentino.<\/p>\n\n\n\n<p>1980 \u2013 Nace Ben Whishaw, actor brit\u00e1nico.<\/p>\n\n\n\n<p>1982 \u2013 Nace Dan Breitman, actor, humorista, bailar\u00edn y cantante argentino.<\/p>\n\n\n\n<p>1990 \u2013 Muere Leonard Bernstein, m\u00fasico estadounidense, compositor y director de orquesta.<\/p>\n\n\n\n<p>1992 \u2013 Muere Jos\u00e9 Mar\u00eda Mu\u00f1oz, el \u00abrelator de Am\u00e9rica\u00bb.<\/p>\n\n\n\n<p>2001 \u2013 En Argentina se celebran las elecciones legislativas de 2001. El voto en blanco o \u00abvoto bronca\u00bb logra porcentajes destacados.<\/p>\n\n\n\n<p>2003 \u2013 Muere el actor c\u00f3mico argentino Javier Portales.<\/p>\n\n\n\n<p>2004 \u2013 Crean una vacuna contra la malaria.<\/p>\n\n\n\n<p>2012 \u2013 En Roswell (Nuevo M\u00e9xico) F\u00e9lix Baumgartner se lanza desde la estratosfera, a m\u00e1s de 39.000 metros de altura y se convierte en la primera persona en la Historia en romper la barrera del sonido sin apoyo mec\u00e1nico.<\/p>\n\n\n\n<p>2014 \u2013 El Libro de los r\u00e9cords Guinness establece que el lugar m\u00e1s peligroso para circular en avi\u00f3n es el continente africano.<\/p>\n\n\n\n<p>2015 \u2013 El papa Francisco pide perd\u00f3n por los \u201cesc\u00e1ndalos\u201d sucedidos en Roma y en El Vaticano.<\/p>\n\n\n\n<p>2016 \u2013 Muere Diego Bonadeo, periodista argentino.<\/p>\n\n\n\n<p>2019 \u2013 Muere Harold Bloom, cr\u00edtico y te\u00f3rico literario estadounidense.<\/p>\n","protected":false},"excerpt":{"rendered":"<p>\u2013 D\u00eda mundial de la Espirometr\u00eda \u2013 D\u00eda mundial de la Costurera 1066 \u2013 Batalla de Hastings: Guillermo el Conquistador derrota a las fuerzas inglesas de Haroldo II. 1536 \u2013 Muere Garcilaso de la Vega, poeta espa\u00f1ol. 1784 \u2013 Nace Fernando VII, rey de Espa\u00f1a. 1806 \u2013 Se lleva a cabo la Batalla de Jena,&hellip;<\/p>\n","protected":false},"author":1,"featured_media":0,"comment_status":"open","ping_status":"open","sticky":false,"template":"","format":"standard","meta":{"footnotes":""},"categories":[14],"tags":[2450,22026],"class_list":["post-99368","post","type-post","status-publish","format-standard","hentry","category-efemerides","tag-diario-el-sindical","tag-efemerides"],"_links":{"self":[{"href":"https:\/\/www.elsindical.com.ar\/notas\/wp-json\/wp\/v2\/posts\/99368","targetHints":{"allow":["GET"]}}],"collection":[{"href":"https:\/\/www.elsindical.com.ar\/notas\/wp-json\/wp\/v2\/posts"}],"about":[{"href":"https:\/\/www.elsindical.com.ar\/notas\/wp-json\/wp\/v2\/types\/post"}],"author":[{"embeddable":true,"href":"https:\/\/www.elsindical.com.ar\/notas\/wp-json\/wp\/v2\/users\/1"}],"replies":[{"embeddable":true,"href":"https:\/\/www.elsindical.com.ar\/notas\/wp-json\/wp\/v2\/comments?post=99368"}],"version-history":[{"count":1,"href":"https:\/\/www.elsindical.com.ar\/notas\/wp-json\/wp\/v2\/posts\/99368\/revisions"}],"predecessor-version":[{"id":99369,"href":"https:\/\/www.elsindical.com.ar\/notas\/wp-json\/wp\/v2\/posts\/99368\/revisions\/99369"}],"wp:attachment":[{"href":"https:\/\/www.elsindical.com.ar\/notas\/wp-json\/wp\/v2\/media?parent=99368"}],"wp:term":[{"taxonomy":"category","embeddable":true,"href":"https:\/\/www.elsindical.com.ar\/notas\/wp-json\/wp\/v2\/categories?post=99368"},{"taxonomy":"post_tag","embeddable":true,"href":"https:\/\/www.elsindical.com.ar\/notas\/wp-json\/wp\/v2\/tags?post=99368"}],"curies":[{"name":"wp","href":"https:\/\/api.w.org\/{rel}","templated":true}]}}