{"id":99327,"date":"2020-10-11T19:47:21","date_gmt":"2020-10-11T22:47:21","guid":{"rendered":"https:\/\/www.elsindical.com.ar\/notas\/?p=99327"},"modified":"2020-10-11T19:47:25","modified_gmt":"2020-10-11T22:47:25","slug":"ezequiel-bonelli-el-ocaso-de-un-deportista","status":"publish","type":"post","link":"https:\/\/www.elsindical.com.ar\/notas\/ezequiel-bonelli-el-ocaso-de-un-deportista\/","title":{"rendered":"Ezequiel Bonelli, el ocaso de un deportista"},"content":{"rendered":"\n<figure class=\"wp-block-image size-large\"><img loading=\"lazy\" decoding=\"async\" width=\"543\" height=\"746\" src=\"https:\/\/www.elsindical.com.ar\/notas\/var\/www\/html\/notas\/wp-content\/uploads\/2020\/10\/Damian-Ezequiel-Bonelli.jpg\" alt=\"\" class=\"wp-image-99328\" srcset=\"https:\/\/www.elsindical.com.ar\/notas\/var\/www\/html\/notas\/wp-content\/uploads\/2020\/10\/Damian-Ezequiel-Bonelli.jpg 543w, https:\/\/www.elsindical.com.ar\/notas\/var\/www\/html\/notas\/wp-content\/uploads\/2020\/10\/Damian-Ezequiel-Bonelli-218x300.jpg 218w\" sizes=\"auto, (max-width: 543px) 100vw, 543px\" \/><\/figure>\n\n\n\n<p>    Dami\u00e1n Ezequiel Bonelli, alias \u00abEl Pollero\u00bb, pintaba llegar a ser un promesa del boxeo nacional, pero sus sue\u00f1os quedaron en el camino y a pesar de que a los 42 a\u00f1os promete dar el \u00abbatacazo\u00bb, ya est\u00e1 m\u00e1s cerca del retiro que de ser un campe\u00f3n.<\/p>\n\n\n\n<p>Subsistiendo con la venta de productos de granja y de la caza, no es de extra\u00f1ar que semejante personaje, se dedique a insultar por las redes sociales a todo lo que sea popular o peronista, llegando al extremo de culpar al gobierno actual de la Pandemia y sus consecuencias econ\u00f3micas, sociales y de salud.<\/p>\n\n\n\n<p>Ante la falta de argumentos de este personaje que pretende imponer sus ideas por la fuerza, cuando se queda sin argumentos recurre a cuestionar a los usuarios de las redes sociales por sus aspectos personales, jact\u00e1ndose de ser un comerciante exitoso a pesar de que tributa como peque\u00f1o contribuyente en la categor\u00eda D con el CUIT 23-26583317-9, o es un mentiroso patol\u00f3gico o un evasor por lo que ser\u00eda interesante que la AFIP lo tenga en cuenta, porque algo no cierra.<\/p>\n\n\n\n<p>No es habitual que los boxeadores opinen de pol\u00edtica, menos cuando no tienen la capacidad acad\u00e9mica para hacerlo o carecen de informaci\u00f3n, pero parece que la necesidad a algunos los afecta y mucho.<\/p>\n\n\n\n<p>Por Marcelo Ricardo Hawrylciw<\/p>\n","protected":false},"excerpt":{"rendered":"<p>Dami\u00e1n Ezequiel Bonelli, alias \u00abEl Pollero\u00bb, pintaba llegar a ser un promesa del boxeo nacional, pero sus sue\u00f1os quedaron en el camino y a pesar de que a los 42 a\u00f1os promete dar el \u00abbatacazo\u00bb, ya est\u00e1 m\u00e1s cerca del retiro que de ser un campe\u00f3n. Subsistiendo con la venta de productos de granja y&hellip;<\/p>\n","protected":false},"author":1,"featured_media":99328,"comment_status":"open","ping_status":"open","sticky":false,"template":"","format":"standard","meta":{"footnotes":""},"categories":[10],"tags":[1913,2450,33633,33632,22025,2605],"class_list":["post-99327","post","type-post","status-publish","format-standard","has-post-thumbnail","hentry","category-editorial","tag-boxeador","tag-diario-el-sindical","tag-el-pollero","tag-ezequiel-bonelli","tag-politica","tag-redes-sociales"],"_links":{"self":[{"href":"https:\/\/www.elsindical.com.ar\/notas\/wp-json\/wp\/v2\/posts\/99327","targetHints":{"allow":["GET"]}}],"collection":[{"href":"https:\/\/www.elsindical.com.ar\/notas\/wp-json\/wp\/v2\/posts"}],"about":[{"href":"https:\/\/www.elsindical.com.ar\/notas\/wp-json\/wp\/v2\/types\/post"}],"author":[{"embeddable":true,"href":"https:\/\/www.elsindical.com.ar\/notas\/wp-json\/wp\/v2\/users\/1"}],"replies":[{"embeddable":true,"href":"https:\/\/www.elsindical.com.ar\/notas\/wp-json\/wp\/v2\/comments?post=99327"}],"version-history":[{"count":1,"href":"https:\/\/www.elsindical.com.ar\/notas\/wp-json\/wp\/v2\/posts\/99327\/revisions"}],"predecessor-version":[{"id":99329,"href":"https:\/\/www.elsindical.com.ar\/notas\/wp-json\/wp\/v2\/posts\/99327\/revisions\/99329"}],"wp:featuredmedia":[{"embeddable":true,"href":"https:\/\/www.elsindical.com.ar\/notas\/wp-json\/wp\/v2\/media\/99328"}],"wp:attachment":[{"href":"https:\/\/www.elsindical.com.ar\/notas\/wp-json\/wp\/v2\/media?parent=99327"}],"wp:term":[{"taxonomy":"category","embeddable":true,"href":"https:\/\/www.elsindical.com.ar\/notas\/wp-json\/wp\/v2\/categories?post=99327"},{"taxonomy":"post_tag","embeddable":true,"href":"https:\/\/www.elsindical.com.ar\/notas\/wp-json\/wp\/v2\/tags?post=99327"}],"curies":[{"name":"wp","href":"https:\/\/api.w.org\/{rel}","templated":true}]}}