{"id":99175,"date":"2020-10-05T09:38:29","date_gmt":"2020-10-05T12:38:29","guid":{"rendered":"https:\/\/www.elsindical.com.ar\/notas\/?p=99175"},"modified":"2020-10-05T09:38:31","modified_gmt":"2020-10-05T12:38:31","slug":"petroleros-rechazan-acuerdo-salarial-entre-ypf-y-gremios-del-sur","status":"publish","type":"post","link":"https:\/\/www.elsindical.com.ar\/notas\/petroleros-rechazan-acuerdo-salarial-entre-ypf-y-gremios-del-sur\/","title":{"rendered":"Petroleros rechazan acuerdo salarial entre YPF y gremios del sur"},"content":{"rendered":"\n<figure class=\"wp-block-image size-large\"><img loading=\"lazy\" decoding=\"async\" width=\"1024\" height=\"683\" src=\"https:\/\/www.elsindical.com.ar\/notas\/var\/www\/html\/notas\/wp-content\/uploads\/2020\/10\/Gabriel-Matarazzo-1024x683.jpg\" alt=\"\" class=\"wp-image-99176\" srcset=\"https:\/\/www.elsindical.com.ar\/notas\/var\/www\/html\/notas\/wp-content\/uploads\/2020\/10\/Gabriel-Matarazzo-1024x683.jpg 1024w, https:\/\/www.elsindical.com.ar\/notas\/var\/www\/html\/notas\/wp-content\/uploads\/2020\/10\/Gabriel-Matarazzo-300x200.jpg 300w, https:\/\/www.elsindical.com.ar\/notas\/var\/www\/html\/notas\/wp-content\/uploads\/2020\/10\/Gabriel-Matarazzo-768x512.jpg 768w, https:\/\/www.elsindical.com.ar\/notas\/var\/www\/html\/notas\/wp-content\/uploads\/2020\/10\/Gabriel-Matarazzo-450x300.jpg 450w, https:\/\/www.elsindical.com.ar\/notas\/var\/www\/html\/notas\/wp-content\/uploads\/2020\/10\/Gabriel-Matarazzo.jpg 1200w\" sizes=\"auto, (max-width: 1024px) 100vw, 1024px\" \/><\/figure>\n\n\n\n<p class=\"wp-block-paragraph\"><strong>Federaci\u00f3n de Petroleros rechaz\u00f3 el acuerdo salarial entre YPF y gremios del sur<\/strong><\/p>\n\n\n\n<p class=\"wp-block-paragraph\">La Federaci\u00f3n Argentina Sindical de Petr\u00f3leo, Gas y Biocombustibles (FASiPeGyBio) rechaz\u00f3 el acuerdo celebrado entre los gremios del sur y la empresa YPF por generar una \u00abp\u00e9rdida irrecuperable\u00bb en los salarios de los trabajadores.<\/p>\n\n\n\n<p class=\"wp-block-paragraph\">\u00abEl acuerdo se comi\u00f3, en detrimento de los trabajadores, el retroactivo entre marzo y septiembre y acordaron realizar aumentos hasta marzo del 2021 en sumas fijas, generando un p\u00e9rdida irrecuperable del poder adquisitivo de los trabajadores petroleros\u00bb, afirm\u00f3 Gabriel Matarazzo, integrante de comisi\u00f3n directiva de la\u00a0 FASiPeGyBio.<\/p>\n\n\n\n<p class=\"wp-block-paragraph\">Las declaraciones se refieren al reciente entendimiento celebrado para los trabajadores de YPF que estableci\u00f3 un aumento del 16,2% como recupero de lo perdido en 2019 a trav\u00e9s de sumas fijas no remunerativas, de manera mensual a partir de septiembre, a calcularse sobre los b\u00e1sicos vigentes a marzo de ese a\u00f1o, incorpor\u00e1ndose al salario en marzo de 2021.<\/p>\n\n\n\n<p class=\"wp-block-paragraph\">El mismo acuerdo fij\u00f3, en virtud de la paritaria 2020, el pago \u00fanico, no remunerativo y por \u00fanica vez de 60.000 pesos, que se har\u00e1 efectivo en dos partes en noviembre y febrero pr\u00f3ximo. Tambi\u00e9n la extensi\u00f3n del art\u00edculo 223 bis que garantiza el pago de haberes a los trabajadores suspendidos por razones de fuerza mayor.\u00a0<\/p>\n\n\n\n<p class=\"wp-block-paragraph\">Para Matarazzo, se trata de \u00abun intento de las petroleras de querer trasladarlo a los trabajadores de refiner\u00eda\u00bb.<\/p>\n\n\n\n<p class=\"wp-block-paragraph\">La FASiPeGyBio lleva adelante desde hace semanas una\u00a0dura negociaci\u00f3n con la C\u00e1mara de la Industria del Petr\u00f3leo (CIP) por la revisi\u00f3n salarial 2019 de la rama refiner\u00edas. La parte empresaria, al igual que se acord\u00f3 en YPF, propuso sumas fijas no remunerativas que fueron rechazadas por el gremio que conduce Pedro Milla.<\/p>\n\n\n\n<p class=\"wp-block-paragraph\">Matarazzo destac\u00f3 que con ese tipo de acuerdo los petroleros neuquinos y la regi\u00f3n\u00a0van a iniciar la paritaria del 2021 sin que las sumas fijas hayan impactado en el salario de los trabajadores. \u00abEs un m\u00e9todo inaudito en la negociaci\u00f3n colectiva que afecta al conjunto de los trabajadores\u00bb, cerr\u00f3.<\/p>\n\n\n\n<p class=\"wp-block-paragraph\">Ante la falta de respuestas a sus reclamos de recomposici\u00f3n, los gremios de la Federaci\u00f3n de Milla anunciaron un paro de actividades por tiempo indeterminado a partir del viernes 9 de octubre a las 0 horas, en caso de no recibir una propuesta salarial mejorada.<\/p>\n\n\n\n<figure class=\"wp-block-image size-large\"><img loading=\"lazy\" decoding=\"async\" width=\"1024\" height=\"683\" src=\"https:\/\/www.elsindical.com.ar\/notas\/var\/www\/html\/notas\/wp-content\/uploads\/2020\/10\/petroleros-1024x683.jpg\" alt=\"\" class=\"wp-image-99177\" srcset=\"https:\/\/www.elsindical.com.ar\/notas\/var\/www\/html\/notas\/wp-content\/uploads\/2020\/10\/petroleros-1024x683.jpg 1024w, https:\/\/www.elsindical.com.ar\/notas\/var\/www\/html\/notas\/wp-content\/uploads\/2020\/10\/petroleros-300x200.jpg 300w, https:\/\/www.elsindical.com.ar\/notas\/var\/www\/html\/notas\/wp-content\/uploads\/2020\/10\/petroleros-768x512.jpg 768w, https:\/\/www.elsindical.com.ar\/notas\/var\/www\/html\/notas\/wp-content\/uploads\/2020\/10\/petroleros-450x300.jpg 450w, https:\/\/www.elsindical.com.ar\/notas\/var\/www\/html\/notas\/wp-content\/uploads\/2020\/10\/petroleros.jpg 1200w\" sizes=\"auto, (max-width: 1024px) 100vw, 1024px\" \/><\/figure>\n","protected":false},"excerpt":{"rendered":"<p>Federaci\u00f3n de Petroleros rechaz\u00f3 el acuerdo salarial entre YPF y gremios del sur La Federaci\u00f3n Argentina Sindical de Petr\u00f3leo, Gas y Biocombustibles (FASiPeGyBio) rechaz\u00f3 el acuerdo celebrado entre los gremios del sur y la empresa YPF por generar una \u00abp\u00e9rdida irrecuperable\u00bb en los salarios de los trabajadores. \u00abEl acuerdo se comi\u00f3, en detrimento de los&hellip;<\/p>\n","protected":false},"author":1,"featured_media":99176,"comment_status":"open","ping_status":"open","sticky":false,"template":"","format":"standard","meta":{"footnotes":""},"categories":[16],"tags":[2450,30924,33609,22028,621],"class_list":["post-99175","post","type-post","status-publish","format-standard","has-post-thumbnail","hentry","category-gremiales","tag-diario-el-sindical","tag-fasipegybio","tag-gabriel-matarazzo","tag-gremiales","tag-ypf"],"_links":{"self":[{"href":"https:\/\/www.elsindical.com.ar\/notas\/wp-json\/wp\/v2\/posts\/99175","targetHints":{"allow":["GET"]}}],"collection":[{"href":"https:\/\/www.elsindical.com.ar\/notas\/wp-json\/wp\/v2\/posts"}],"about":[{"href":"https:\/\/www.elsindical.com.ar\/notas\/wp-json\/wp\/v2\/types\/post"}],"author":[{"embeddable":true,"href":"https:\/\/www.elsindical.com.ar\/notas\/wp-json\/wp\/v2\/users\/1"}],"replies":[{"embeddable":true,"href":"https:\/\/www.elsindical.com.ar\/notas\/wp-json\/wp\/v2\/comments?post=99175"}],"version-history":[{"count":1,"href":"https:\/\/www.elsindical.com.ar\/notas\/wp-json\/wp\/v2\/posts\/99175\/revisions"}],"predecessor-version":[{"id":99178,"href":"https:\/\/www.elsindical.com.ar\/notas\/wp-json\/wp\/v2\/posts\/99175\/revisions\/99178"}],"wp:featuredmedia":[{"embeddable":true,"href":"https:\/\/www.elsindical.com.ar\/notas\/wp-json\/wp\/v2\/media\/99176"}],"wp:attachment":[{"href":"https:\/\/www.elsindical.com.ar\/notas\/wp-json\/wp\/v2\/media?parent=99175"}],"wp:term":[{"taxonomy":"category","embeddable":true,"href":"https:\/\/www.elsindical.com.ar\/notas\/wp-json\/wp\/v2\/categories?post=99175"},{"taxonomy":"post_tag","embeddable":true,"href":"https:\/\/www.elsindical.com.ar\/notas\/wp-json\/wp\/v2\/tags?post=99175"}],"curies":[{"name":"wp","href":"https:\/\/api.w.org\/{rel}","templated":true}]}}