{"id":99089,"date":"2020-10-02T09:29:12","date_gmt":"2020-10-02T12:29:12","guid":{"rendered":"https:\/\/www.elsindical.com.ar\/notas\/?p=99089"},"modified":"2020-10-02T09:29:15","modified_gmt":"2020-10-02T12:29:15","slug":"avellaneda-son-489-las-muertes-y-casi-15-000-los-casos-de-coronavirus","status":"publish","type":"post","link":"https:\/\/www.elsindical.com.ar\/notas\/avellaneda-son-489-las-muertes-y-casi-15-000-los-casos-de-coronavirus\/","title":{"rendered":"Avellaneda: Son 489 las muertes y casi 15.000 los casos de Coronavirus"},"content":{"rendered":"\n<figure class=\"wp-block-image size-large\"><img loading=\"lazy\" decoding=\"async\" width=\"530\" height=\"836\" src=\"https:\/\/www.elsindical.com.ar\/notas\/var\/www\/html\/notas\/wp-content\/uploads\/2020\/10\/muertes-y-contagios-Avell-1-sept.jpg\" alt=\"\" class=\"wp-image-99090\" srcset=\"https:\/\/www.elsindical.com.ar\/notas\/var\/www\/html\/notas\/wp-content\/uploads\/2020\/10\/muertes-y-contagios-Avell-1-sept.jpg 530w, https:\/\/www.elsindical.com.ar\/notas\/var\/www\/html\/notas\/wp-content\/uploads\/2020\/10\/muertes-y-contagios-Avell-1-sept-190x300.jpg 190w\" sizes=\"auto, (max-width: 530px) 100vw, 530px\" \/><\/figure>\n\n\n\n<p>El Ministerio de Salud de la provincia de Buenos Aires inform\u00f3 que ascendieron a 14.991 los contagiados.<\/p>\n\n\n\n<p>Este jueves el gobierno de Avellaneda anunci\u00f3 que son 489 las muertes registradas por coronavirus en el distrito. Adem\u00e1s se reportaron 66 nuevos casos con lo que suman 14.991 los contagiados desde el inicio de la pandemia indic\u00f3 el Ministerio de Salud de la provincia de Buenos Aires.<\/p>\n\n\n\n<p>La cartera sanitaria no informa desde el s\u00e1bado la cantidad de fallecidos por municipio y ese d\u00eda hab\u00eda indicado que\u00a0ascend\u00edan a 480 los decesos en Avellaneda. Sin embargo, este jueves el gobierno de Jorge Ferraresi en el reporte diario que brinda por redes sociales precis\u00f3 que son 489 los decesos.<\/p>\n\n\n\n<p>\u201cEl aumento de la cantidad de fallecidos informados en la fecha, se debe a la actualizaci\u00f3n realizada por el Gobierno Provincial en el m\u00e9todo de notificaci\u00f3n de casos de muertes por Covid-19\u201d, se\u00f1alaron desde la Comuna.<\/p>\n\n\n\n<p>En tanto, de acuerdo con la actualizaci\u00f3n de esta noche de la \u201csala de situaci\u00f3n\u201d publicada por el Ministerio, son 12.841 los vecinos recuperados y 31.383 los testeados.<\/p>\n\n\n\n<p>En cuanto a la clasificaci\u00f3n epidemiol\u00f3gica, el 70,6 por ciento de los contagios fueron por transmisi\u00f3n comunitaria, 15,6 por ciento por contacto, 8,6 por ciento de los casos est\u00e1n en investigaci\u00f3n, 4,9 por ciento corresponden a trabajadores de la salud y 0,3 por ciento de los casos fueron importados.<\/p>\n","protected":false},"excerpt":{"rendered":"<p>El Ministerio de Salud de la provincia de Buenos Aires inform\u00f3 que ascendieron a 14.991 los contagiados. Este jueves el gobierno de Avellaneda anunci\u00f3 que son 489 las muertes registradas por coronavirus en el distrito. Adem\u00e1s se reportaron 66 nuevos casos con lo que suman 14.991 los contagiados desde el inicio de la pandemia indic\u00f3&hellip;<\/p>\n","protected":false},"author":1,"featured_media":99090,"comment_status":"open","ping_status":"open","sticky":false,"template":"","format":"standard","meta":{"footnotes":""},"categories":[23],"tags":[461,19938,32346,2450,1062,134,32620,22031],"class_list":["post-99089","post","type-post","status-publish","format-standard","has-post-thumbnail","hentry","category-salud","tag-avellaneda","tag-contagios","tag-coronavirus","tag-diario-el-sindical","tag-jorge-ferraresi","tag-muertes","tag-pandemia","tag-salud"],"_links":{"self":[{"href":"https:\/\/www.elsindical.com.ar\/notas\/wp-json\/wp\/v2\/posts\/99089","targetHints":{"allow":["GET"]}}],"collection":[{"href":"https:\/\/www.elsindical.com.ar\/notas\/wp-json\/wp\/v2\/posts"}],"about":[{"href":"https:\/\/www.elsindical.com.ar\/notas\/wp-json\/wp\/v2\/types\/post"}],"author":[{"embeddable":true,"href":"https:\/\/www.elsindical.com.ar\/notas\/wp-json\/wp\/v2\/users\/1"}],"replies":[{"embeddable":true,"href":"https:\/\/www.elsindical.com.ar\/notas\/wp-json\/wp\/v2\/comments?post=99089"}],"version-history":[{"count":1,"href":"https:\/\/www.elsindical.com.ar\/notas\/wp-json\/wp\/v2\/posts\/99089\/revisions"}],"predecessor-version":[{"id":99091,"href":"https:\/\/www.elsindical.com.ar\/notas\/wp-json\/wp\/v2\/posts\/99089\/revisions\/99091"}],"wp:featuredmedia":[{"embeddable":true,"href":"https:\/\/www.elsindical.com.ar\/notas\/wp-json\/wp\/v2\/media\/99090"}],"wp:attachment":[{"href":"https:\/\/www.elsindical.com.ar\/notas\/wp-json\/wp\/v2\/media?parent=99089"}],"wp:term":[{"taxonomy":"category","embeddable":true,"href":"https:\/\/www.elsindical.com.ar\/notas\/wp-json\/wp\/v2\/categories?post=99089"},{"taxonomy":"post_tag","embeddable":true,"href":"https:\/\/www.elsindical.com.ar\/notas\/wp-json\/wp\/v2\/tags?post=99089"}],"curies":[{"name":"wp","href":"https:\/\/api.w.org\/{rel}","templated":true}]}}