{"id":99086,"date":"2020-10-02T09:24:50","date_gmt":"2020-10-02T12:24:50","guid":{"rendered":"https:\/\/www.elsindical.com.ar\/notas\/?p=99086"},"modified":"2020-10-02T09:24:54","modified_gmt":"2020-10-02T12:24:54","slug":"coronavirus-ya-son-mas-de-20-000-los-decesos-y-se-registraron-14-001-nuevos-casos","status":"publish","type":"post","link":"https:\/\/www.elsindical.com.ar\/notas\/coronavirus-ya-son-mas-de-20-000-los-decesos-y-se-registraron-14-001-nuevos-casos\/","title":{"rendered":"Coronavirus: Ya son m\u00e1s de 20.000 los decesos y se registraron 14.001 nuevos casos"},"content":{"rendered":"\n<figure class=\"wp-block-image size-large\"><img loading=\"lazy\" decoding=\"async\" width=\"719\" height=\"506\" src=\"https:\/\/www.elsindical.com.ar\/notas\/var\/www\/html\/notas\/wp-content\/uploads\/2020\/10\/muertes-y-contagios-Arg-1-sept.jpg\" alt=\"\" class=\"wp-image-99087\" srcset=\"https:\/\/www.elsindical.com.ar\/notas\/var\/www\/html\/notas\/wp-content\/uploads\/2020\/10\/muertes-y-contagios-Arg-1-sept.jpg 719w, https:\/\/www.elsindical.com.ar\/notas\/var\/www\/html\/notas\/wp-content\/uploads\/2020\/10\/muertes-y-contagios-Arg-1-sept-300x211.jpg 300w, https:\/\/www.elsindical.com.ar\/notas\/var\/www\/html\/notas\/wp-content\/uploads\/2020\/10\/muertes-y-contagios-Arg-1-sept-426x300.jpg 426w\" sizes=\"auto, (max-width: 719px) 100vw, 719px\" \/><\/figure>\n\n\n\n<p>El Ministerio de Salud sum\u00f3 al c\u00f3mputo oficial los m\u00e1s de 3.000 fallecidos anunciados por la provincia de Buenos Aires en los \u00faltimos d\u00edas.<\/p>\n\n\n\n<p>El Ministerio de Salud inform\u00f3 este jueves que 20.288 personas murieron con coronavirus en Argentina desde el inicio de la pandemia, luego de sumar al c\u00f3mputo oficial 3.050 decesos declarados en los \u00faltimos d\u00edas por la provincia de Buenos Aires.<\/p>\n\n\n\n<p>En consecuencia, incluidos esos casos, la cartera sanitaria inform\u00f3 en su parte que se reportaron en total 3.352 decesos y 14.001 casos positivos de coronavirus. Los contagiados ascendieron a 765.002.<\/p>\n\n\n\n<p>En las \u00faltimas horas, se notificaron 1.789 hombres fallecidos, 1.701 residentes en la provincia de Buenos Aires, 25 en Chubut, 13 en Salta, 12 en San Juan, 10 en San Luis, 5 en Jujuy, 4 en Santa Cruz, Santa Fe y Chaco, 3 en Neuqu\u00e9n y R\u00edo Negro, 2 en C\u00f3rdoba y 1 en la Ciudad de Buenos Aires (CABA), Mendoza y La Rioja; y 1.542 mujeres, 1.477 en la provincia de Buenos Aires, 28 en Chubut, 9 en San Juan, 6 en Jujuy y San Luis, 5 en Chaco, 4 en Salta, 3 en Neuqu\u00e9n, 2 en La Rioja y 1 en C\u00f3rdoba y Santa Fe.<\/p>\n\n\n\n<p>El Ministerio indic\u00f3 que \u201cuna mujer residente en la provincia de R\u00edo Negro fue reclasificada\u201d y \u201c21 fallecidos residentes en la provincia de Buenos Aires, no registran dato de sexo\u201d.<\/p>\n\n\n\n<h5 class=\"wp-block-heading\">Nuevos casos<\/h5>\n\n\n\n<p>En tanto, en la provincia de Buenos Aires se reportaron 5.407 nuevos casos, en Santa Fe 2.073, C\u00f3rdoba 1.966, Ciudad de Buenos Aires 924, Mendoza 799, Tucum\u00e1n 632, Salta 359, R\u00edo Negro 287, Chaco 200, Chubut 188, Entre R\u00edos y Neuqu\u00e9n 186, Jujuy 175, Tierra del Fuego 164, Santa Cruz 142, Santiago del Estero 126, San Luis 93, San Juan 34, La Pampa 28, La Rioja 22, Corrientes 7 y Catamarca 5.<\/p>\n\n\n\n<p>De esta forma, la provincia de Buenos Aires acumula 423.084 infectados, la CABA 126.890, Santa Fe 44.471, C\u00f3rdoba 36.169, Mendoza 25.848, Jujuy 15.845, Tucum\u00e1n 15.546, R\u00edo Negro 13.126, Salta 12.774, Chaco 8.743, Neuqu\u00e9n 8.079, Entre R\u00edos 7.669, Santa Cruz 4.986, La Rioja 4.850, Tierra del Fuego 4.527, Chubut 4.143, Santiago del Estero 3.545, San Luis 1.575, Corrientes 1.100, La Pampa 791, San Juan 751, Catamarca 292, Formosa 104 y Misiones 94.<\/p>\n\n\n\n<p>En Tierra del Fuego se incluyeron 13 casos existentes en las Islas Malvinas seg\u00fan informaci\u00f3n de prensa<\/p>\n\n\n\n<p>En las \u00faltimas 24 horas fueron realizados 26.662 testeos y desde el inicio del brote se realizaron 2.002.975 pruebas diagn\u00f3sticas para esta enfermedad, lo que equivale a 44.141 muestras por mill\u00f3n de habitantes.<\/p>\n","protected":false},"excerpt":{"rendered":"<p>El Ministerio de Salud sum\u00f3 al c\u00f3mputo oficial los m\u00e1s de 3.000 fallecidos anunciados por la provincia de Buenos Aires en los \u00faltimos d\u00edas. El Ministerio de Salud inform\u00f3 este jueves que 20.288 personas murieron con coronavirus en Argentina desde el inicio de la pandemia, luego de sumar al c\u00f3mputo oficial 3.050 decesos declarados en&hellip;<\/p>\n","protected":false},"author":1,"featured_media":99087,"comment_status":"open","ping_status":"open","sticky":false,"template":"","format":"standard","meta":{"footnotes":""},"categories":[23],"tags":[127,19938,32346,2450,134,32620],"class_list":["post-99086","post","type-post","status-publish","format-standard","has-post-thumbnail","hentry","category-salud","tag-argentina","tag-contagios","tag-coronavirus","tag-diario-el-sindical","tag-muertes","tag-pandemia"],"_links":{"self":[{"href":"https:\/\/www.elsindical.com.ar\/notas\/wp-json\/wp\/v2\/posts\/99086","targetHints":{"allow":["GET"]}}],"collection":[{"href":"https:\/\/www.elsindical.com.ar\/notas\/wp-json\/wp\/v2\/posts"}],"about":[{"href":"https:\/\/www.elsindical.com.ar\/notas\/wp-json\/wp\/v2\/types\/post"}],"author":[{"embeddable":true,"href":"https:\/\/www.elsindical.com.ar\/notas\/wp-json\/wp\/v2\/users\/1"}],"replies":[{"embeddable":true,"href":"https:\/\/www.elsindical.com.ar\/notas\/wp-json\/wp\/v2\/comments?post=99086"}],"version-history":[{"count":1,"href":"https:\/\/www.elsindical.com.ar\/notas\/wp-json\/wp\/v2\/posts\/99086\/revisions"}],"predecessor-version":[{"id":99088,"href":"https:\/\/www.elsindical.com.ar\/notas\/wp-json\/wp\/v2\/posts\/99086\/revisions\/99088"}],"wp:featuredmedia":[{"embeddable":true,"href":"https:\/\/www.elsindical.com.ar\/notas\/wp-json\/wp\/v2\/media\/99087"}],"wp:attachment":[{"href":"https:\/\/www.elsindical.com.ar\/notas\/wp-json\/wp\/v2\/media?parent=99086"}],"wp:term":[{"taxonomy":"category","embeddable":true,"href":"https:\/\/www.elsindical.com.ar\/notas\/wp-json\/wp\/v2\/categories?post=99086"},{"taxonomy":"post_tag","embeddable":true,"href":"https:\/\/www.elsindical.com.ar\/notas\/wp-json\/wp\/v2\/tags?post=99086"}],"curies":[{"name":"wp","href":"https:\/\/api.w.org\/{rel}","templated":true}]}}