{"id":98992,"date":"2020-09-27T21:26:01","date_gmt":"2020-09-28T00:26:01","guid":{"rendered":"https:\/\/www.elsindical.com.ar\/notas\/?p=98992"},"modified":"2020-09-27T21:26:07","modified_gmt":"2020-09-28T00:26:07","slug":"avellaneda-el-municipio-de-las-mentiras-y-la-negligencia","status":"publish","type":"post","link":"https:\/\/www.elsindical.com.ar\/notas\/avellaneda-el-municipio-de-las-mentiras-y-la-negligencia\/","title":{"rendered":"Avellaneda: El municipio de las mentiras y la negligencia"},"content":{"rendered":"\n<div class=\"wp-block-image\"><figure class=\"aligncenter size-large is-resized\"><img loading=\"lazy\" decoding=\"async\" src=\"https:\/\/www.elsindical.com.ar\/notas\/var\/www\/html\/notas\/wp-content\/uploads\/2020\/09\/Polo-gastronomico.jpg\" alt=\"\" class=\"wp-image-98993\" width=\"571\" height=\"370\" srcset=\"https:\/\/www.elsindical.com.ar\/notas\/var\/www\/html\/notas\/wp-content\/uploads\/2020\/09\/Polo-gastronomico.jpg 512w, https:\/\/www.elsindical.com.ar\/notas\/var\/www\/html\/notas\/wp-content\/uploads\/2020\/09\/Polo-gastronomico-300x195.jpg 300w, https:\/\/www.elsindical.com.ar\/notas\/var\/www\/html\/notas\/wp-content\/uploads\/2020\/09\/Polo-gastronomico-463x300.jpg 463w\" sizes=\"auto, (max-width: 571px) 100vw, 571px\" \/><\/figure><\/div>\n\n\n\n<p class=\"wp-block-paragraph\">     Cuando comenz\u00f3 la cuarentena en su fase 1, el municipio de Avellaneda fue totalmente negligente, no se control\u00f3 los comercios que abrieron a pesar de las prohibiciones y no se sancion\u00f3 a los due\u00f1os de los comercios.<\/p>\n\n\n\n<p class=\"wp-block-paragraph\">Desde El Sindical fuimos el \u00fanico medio que se\u00f1al\u00f3 puntualmente a los responsables de violar el Decreto presidencial, pero desde el municipio siguieron jugando a no ver, por lo que gran parte de los contagios y muertes que posee el municipio, que encabeza la tasa de letalidad en la regi\u00f3n la tiene el intendente Jorge Ferraresi al ignorar sus responsabilidades.<\/p>\n\n\n\n<p class=\"wp-block-paragraph\">Las autoridades policiales tampoco fueron eficientes y muchos polic\u00edas no hicieron cumplir la Ley ni a\u00fan cuando ten\u00edan frente a ellos a esos infractores, muchos se molestaron cuando se\u00f1al\u00e1bamos que hab\u00eda actividades que no eran imprescindibles y se pod\u00eda esperar o bien realizarlas con protocolos, como el caso de las peluquer\u00edas, pero parece que a muchos los tienta el riesgo de contagiarse y jugar con la muerte, entonces no dudaron en ir a encerrados y con persianas bajas sin distanciamiento a exponerse, motivo por el cual, los que ahora se preocupan por la cantidad de contagios y muertes, son unos rid\u00edculos.<\/p>\n\n\n\n<p class=\"wp-block-paragraph\">Hace ya m\u00e1s de un mes, los locales gastron\u00f3micos, entre los que se encuentran cervecer\u00edas, bares y dem\u00e1s, han abierto en Avellaneda, se los puede ver por las localidades de Wilde, Pi\u00f1eiro, Gerli, Sarand\u00ed  y especialmente en el Polo Gastron\u00f3mico de Avellaneda en la calle Pala\u00e1.<\/p>\n\n\n\n<p class=\"wp-block-paragraph\">Por eso resulta curioso que desde el espacio del Frente de Todos, la concejal Maia Lata, critique las aperturas del Gobierno de la Ciudad, al considerar que fueron apresuradas. No es la primera vez que Maia Lata demuestra ser una pol\u00edtica irresponsable, incoherente y por ende rid\u00edcula, ya que asegura que desde el municipio se est\u00e1 trabajando en protocolos para la apertura grastron\u00f3mica,basta pasar por la calle Pala\u00e1 y ver a los vecinos bebiendo sin barbijos, sin distancia, sin protocolos por parte de los empleados de los locales. Entonces el relato de Lata es una mentira, porque los locales ya ABRIERON y si lo han hecho sin sanciones, \u00bfqu\u00e9 le hace pensar que respetar\u00e1n un protocolo?<\/p>\n\n\n\n<p class=\"wp-block-paragraph\"><strong><em>Respecto a la situaci\u00f3n epidemiol\u00f3gica en el distrito, Lata sostuvo que la curva de contagios \u201ctambi\u00e9n est\u00e1 amesetada\u201d. \u201cNo hay una suma como muy marcada, mantenemos la cantidad de casos y se debe a que el Municipio testea mucho y somos ejemplo de eso, de testear y controlar los casos\u201d, destac\u00f3.<\/em><\/strong><\/p>\n\n\n\n<p class=\"wp-block-paragraph\">Con esto la concejal deber\u00eda renunciar si fuera \u00abhonesta\u00bb porque es evidente que o es una gran mentirosa y que no respeta la vida de los vecinos o es una completa ignorante y se anima a dar entrevistas para decir pavadas, con lo cual tambi\u00e9n deber\u00eda renunciar si es que entiende lo que significa tener verg\u00fcenza. Y digo esto porque Avellaneda encabeza la tasa de letalidad en la regi\u00f3n, entonces, \u00bfqu\u00e9 meseta habla?.<\/p>\n\n\n\n<p class=\"wp-block-paragraph\">Estos son los concejales que nos representan, siempre dispuestos a decir pavadas sabiendo que el resto no van a criticarlos, porque cada uno atiende su juego.<\/p>\n\n\n\n<figure class=\"wp-block-image size-large\"><img loading=\"lazy\" decoding=\"async\" width=\"738\" height=\"984\" src=\"https:\/\/www.elsindical.com.ar\/notas\/var\/www\/html\/notas\/wp-content\/uploads\/2015\/09\/Maia-voto-HCD.jpg\" alt=\"\" class=\"wp-image-54280\" srcset=\"https:\/\/www.elsindical.com.ar\/notas\/var\/www\/html\/notas\/wp-content\/uploads\/2015\/09\/Maia-voto-HCD.jpg 738w, https:\/\/www.elsindical.com.ar\/notas\/var\/www\/html\/notas\/wp-content\/uploads\/2015\/09\/Maia-voto-HCD-225x300.jpg 225w\" sizes=\"auto, (max-width: 738px) 100vw, 738px\" \/><\/figure>\n\n\n\n<p class=\"wp-block-paragraph\">Por Marcelo Ricardo Hawrylciw<\/p>\n","protected":false},"excerpt":{"rendered":"<p>Cuando comenz\u00f3 la cuarentena en su fase 1, el municipio de Avellaneda fue totalmente negligente, no se control\u00f3 los comercios que abrieron a pesar de las prohibiciones y no se sancion\u00f3 a los due\u00f1os de los comercios. Desde El Sindical fuimos el \u00fanico medio que se\u00f1al\u00f3 puntualmente a los responsables de violar el Decreto presidencial,&hellip;<\/p>\n","protected":false},"author":1,"featured_media":98993,"comment_status":"open","ping_status":"open","sticky":false,"template":"","format":"standard","meta":{"footnotes":""},"categories":[10],"tags":[461,32627,2450,1062,19467,1819,5503,16110],"class_list":["post-98992","post","type-post","status-publish","format-standard","has-post-thumbnail","hentry","category-editorial","tag-avellaneda","tag-covid-19","tag-diario-el-sindical","tag-jorge-ferraresi","tag-maia-lata","tag-mentiras","tag-negligencia","tag-protocolos"],"_links":{"self":[{"href":"https:\/\/www.elsindical.com.ar\/notas\/wp-json\/wp\/v2\/posts\/98992","targetHints":{"allow":["GET"]}}],"collection":[{"href":"https:\/\/www.elsindical.com.ar\/notas\/wp-json\/wp\/v2\/posts"}],"about":[{"href":"https:\/\/www.elsindical.com.ar\/notas\/wp-json\/wp\/v2\/types\/post"}],"author":[{"embeddable":true,"href":"https:\/\/www.elsindical.com.ar\/notas\/wp-json\/wp\/v2\/users\/1"}],"replies":[{"embeddable":true,"href":"https:\/\/www.elsindical.com.ar\/notas\/wp-json\/wp\/v2\/comments?post=98992"}],"version-history":[{"count":1,"href":"https:\/\/www.elsindical.com.ar\/notas\/wp-json\/wp\/v2\/posts\/98992\/revisions"}],"predecessor-version":[{"id":98994,"href":"https:\/\/www.elsindical.com.ar\/notas\/wp-json\/wp\/v2\/posts\/98992\/revisions\/98994"}],"wp:featuredmedia":[{"embeddable":true,"href":"https:\/\/www.elsindical.com.ar\/notas\/wp-json\/wp\/v2\/media\/98993"}],"wp:attachment":[{"href":"https:\/\/www.elsindical.com.ar\/notas\/wp-json\/wp\/v2\/media?parent=98992"}],"wp:term":[{"taxonomy":"category","embeddable":true,"href":"https:\/\/www.elsindical.com.ar\/notas\/wp-json\/wp\/v2\/categories?post=98992"},{"taxonomy":"post_tag","embeddable":true,"href":"https:\/\/www.elsindical.com.ar\/notas\/wp-json\/wp\/v2\/tags?post=98992"}],"curies":[{"name":"wp","href":"https:\/\/api.w.org\/{rel}","templated":true}]}}