{"id":98965,"date":"2020-09-26T21:03:47","date_gmt":"2020-09-27T00:03:47","guid":{"rendered":"https:\/\/www.elsindical.com.ar\/notas\/?p=98965"},"modified":"2020-09-26T21:03:49","modified_gmt":"2020-09-27T00:03:49","slug":"un-documental-sobre-la-masacre-de-pasco-podra-verse-por-cine-ar-tv","status":"publish","type":"post","link":"https:\/\/www.elsindical.com.ar\/notas\/un-documental-sobre-la-masacre-de-pasco-podra-verse-por-cine-ar-tv\/","title":{"rendered":"Un documental sobre la Masacre de Pasco podr\u00e1 verse por Cine.ar TV"},"content":{"rendered":"\n<figure class=\"wp-block-image size-large\"><img loading=\"lazy\" decoding=\"async\" width=\"1024\" height=\"724\" src=\"https:\/\/www.elsindical.com.ar\/notas\/var\/www\/html\/notas\/wp-content\/uploads\/2020\/09\/masacre-de-Pasco-1024x724.jpg\" alt=\"\" class=\"wp-image-98966\" srcset=\"https:\/\/www.elsindical.com.ar\/notas\/var\/www\/html\/notas\/wp-content\/uploads\/2020\/09\/masacre-de-Pasco-1024x724.jpg 1024w, https:\/\/www.elsindical.com.ar\/notas\/var\/www\/html\/notas\/wp-content\/uploads\/2020\/09\/masacre-de-Pasco-300x212.jpg 300w, https:\/\/www.elsindical.com.ar\/notas\/var\/www\/html\/notas\/wp-content\/uploads\/2020\/09\/masacre-de-Pasco-768x543.jpg 768w, https:\/\/www.elsindical.com.ar\/notas\/var\/www\/html\/notas\/wp-content\/uploads\/2020\/09\/masacre-de-Pasco-424x300.jpg 424w, https:\/\/www.elsindical.com.ar\/notas\/var\/www\/html\/notas\/wp-content\/uploads\/2020\/09\/masacre-de-Pasco.jpg 1297w\" sizes=\"auto, (max-width: 1024px) 100vw, 1024px\" \/><\/figure>\n\n\n\n<p>En el marco del programa de estrenos durante la emergencia sanitaria por coronavirus, el Instituto Nacional de Cine y Artes Audiovisuales (Incaa) presenta el documental \u201cPasco, avanzar m\u00e1s all\u00e1 de la muerte\u201d, de Mart\u00edn Sabio y Patricia Rodr\u00edguez, que podr\u00e1 verse este martes 29 de septiembre a las 00 hs, a trav\u00e9s del canal oficial Cine.ar TV<\/p>\n\n\n\n<p>\u201cPasco, avanzar m\u00e1s all\u00e1 de la muerte\u201d narra la llamada \u201cMasacre de Pasco\u201d, perpetuada el 21 de marzo de 1975 por la Triple A, donde la organizaci\u00f3n criminal, creada por L\u00f3pez Rega,&nbsp; secuestra, tortura, fusila y dinamita a ocho militantes populares del barrio San Jos\u00e9 de Temperley. Este hecho traum\u00e1tico, conocido como Masacre de Pasco forma parte de una terror\u00edfica sala de ensayo que preanuncia el llamado Terrorismo de Estado.<\/p>\n\n\n\n<p>Estos estrenos forman parte de las iniciativas tomadas por el INCAA para disminuir el impacto de la Pandemia COVID-19 en el sector audiovisual, que mediante la Resoluci\u00f3n N\u00b0 166\/2020 garantiza una ventana de presentaci\u00f3n para las producciones nacionales. CINE.AR TV es el canal de televisi\u00f3n del Instituto Nacional de Cine y Artes Audiovisuales. El canal se encuentra en el 22.4 de TDA, 60 de Cablevisi\u00f3n, 640 de Cablevisi\u00f3n HD, 300 de Cablevisi\u00f3n Digital, 512 de DIRECTV, 33 de Telecentro, 400 de Telecentro Digital y 1049 de Telecentro HD.<\/p>\n","protected":false},"excerpt":{"rendered":"<p>En el marco del programa de estrenos durante la emergencia sanitaria por coronavirus, el Instituto Nacional de Cine y Artes Audiovisuales (Incaa) presenta el documental \u201cPasco, avanzar m\u00e1s all\u00e1 de la muerte\u201d, de Mart\u00edn Sabio y Patricia Rodr\u00edguez, que podr\u00e1 verse este martes 29 de septiembre a las 00 hs, a trav\u00e9s del canal oficial&hellip;<\/p>\n","protected":false},"author":1,"featured_media":98966,"comment_status":"open","ping_status":"open","sticky":false,"template":"","format":"standard","meta":{"footnotes":""},"categories":[15],"tags":[33575,2450,24588,13705,31407,2596],"class_list":["post-98965","post","type-post","status-publish","format-standard","has-post-thumbnail","hentry","category-espectaculos","tag-cine-ar-tv","tag-diario-el-sindical","tag-documental","tag-incaa","tag-masacre-de-pasco","tag-pasco"],"_links":{"self":[{"href":"https:\/\/www.elsindical.com.ar\/notas\/wp-json\/wp\/v2\/posts\/98965","targetHints":{"allow":["GET"]}}],"collection":[{"href":"https:\/\/www.elsindical.com.ar\/notas\/wp-json\/wp\/v2\/posts"}],"about":[{"href":"https:\/\/www.elsindical.com.ar\/notas\/wp-json\/wp\/v2\/types\/post"}],"author":[{"embeddable":true,"href":"https:\/\/www.elsindical.com.ar\/notas\/wp-json\/wp\/v2\/users\/1"}],"replies":[{"embeddable":true,"href":"https:\/\/www.elsindical.com.ar\/notas\/wp-json\/wp\/v2\/comments?post=98965"}],"version-history":[{"count":1,"href":"https:\/\/www.elsindical.com.ar\/notas\/wp-json\/wp\/v2\/posts\/98965\/revisions"}],"predecessor-version":[{"id":98967,"href":"https:\/\/www.elsindical.com.ar\/notas\/wp-json\/wp\/v2\/posts\/98965\/revisions\/98967"}],"wp:featuredmedia":[{"embeddable":true,"href":"https:\/\/www.elsindical.com.ar\/notas\/wp-json\/wp\/v2\/media\/98966"}],"wp:attachment":[{"href":"https:\/\/www.elsindical.com.ar\/notas\/wp-json\/wp\/v2\/media?parent=98965"}],"wp:term":[{"taxonomy":"category","embeddable":true,"href":"https:\/\/www.elsindical.com.ar\/notas\/wp-json\/wp\/v2\/categories?post=98965"},{"taxonomy":"post_tag","embeddable":true,"href":"https:\/\/www.elsindical.com.ar\/notas\/wp-json\/wp\/v2\/tags?post=98965"}],"curies":[{"name":"wp","href":"https:\/\/api.w.org\/{rel}","templated":true}]}}