{"id":98778,"date":"2020-09-18T01:02:02","date_gmt":"2020-09-18T04:02:02","guid":{"rendered":"https:\/\/www.elsindical.com.ar\/notas\/?p=98778"},"modified":"2020-09-18T01:03:08","modified_gmt":"2020-09-18T04:03:08","slug":"acusan-de-violar-a-su-hijastra-a-comisario-jefe-del-comanda-de-patrullas-lanus","status":"publish","type":"post","link":"https:\/\/www.elsindical.com.ar\/notas\/acusan-de-violar-a-su-hijastra-a-comisario-jefe-del-comanda-de-patrullas-lanus\/","title":{"rendered":"Acusan de abusar de su hijastra a Comisario Jefe del Comanda de Patrullas Lan\u00fas"},"content":{"rendered":"\n<figure class=\"wp-block-image size-large\"><img loading=\"lazy\" decoding=\"async\" width=\"675\" height=\"798\" src=\"https:\/\/www.elsindical.com.ar\/notas\/var\/www\/html\/notas\/wp-content\/uploads\/2020\/09\/Comisario-Oscar-Marcelo-Schmit-uniformado.jpg\" alt=\"\" class=\"wp-image-98779\" srcset=\"https:\/\/www.elsindical.com.ar\/notas\/var\/www\/html\/notas\/wp-content\/uploads\/2020\/09\/Comisario-Oscar-Marcelo-Schmit-uniformado.jpg 675w, https:\/\/www.elsindical.com.ar\/notas\/var\/www\/html\/notas\/wp-content\/uploads\/2020\/09\/Comisario-Oscar-Marcelo-Schmit-uniformado-254x300.jpg 254w\" sizes=\"auto, (max-width: 675px) 100vw, 675px\" \/><\/figure>\n\n\n\n<p class=\"wp-block-paragraph\">Tanto el hombre como su pareja revistaban en el Comando de Patrullas de ese distrito. Tras la denuncia, Asuntos Internos orden\u00f3 su desafectaci\u00f3n de la fuerza, s\u00f3lo falta que el Fiscal Ruggeri ordene detenerlo.<\/p>\n\n\n\n<p class=\"wp-block-paragraph\">Un aberrante hecho se conoci\u00f3 durante la \u00faltima semana en Berazategui, donde una oficial de la Polic\u00eda Bonaerense denunci\u00f3 a su pareja, un Comisario del Comando de Patrullas de Lan\u00fas, por haber abusado de su hija de apenas 6 a\u00f1os de edad.<\/p>\n\n\n\n<p class=\"wp-block-paragraph\">La mujer, identificada con las iniciales <strong>JFB<\/strong>, relat\u00f3 en sede judicial que su hija, <strong>LFT<\/strong>, le refiri\u00f3 que su padrastro, <strong>Oscar Marcelo Schmit<\/strong>, la \u201cmanose\u00f3 en sus partes \u00edntimas\u201d.<\/p>\n\n\n\n<p class=\"wp-block-paragraph\">La denuncia fue radicada en la Comisar\u00eda de la Mujer y la Familia de Berazategui, el jueves 10 de septiembre pasado, e inmediatamente tom\u00f3 intervenci\u00f3n la UFI N\u00ba 8 del Departamento Judicial Quilmes, a cargo del fiscal <strong>Alejandro Ruggeri<\/strong>.<\/p>\n\n\n\n<p class=\"wp-block-paragraph\">El Agente Fiscal solicit\u00f3 que la peque\u00f1a fuera llevada al cuerpo m\u00e9dico de Berazategui para constatar lesiones compatibles con la denuncia, pero a\u00fan no tom\u00f3 ninguna determinaci\u00f3n penal para con el acusado, quien adem\u00e1s refiri\u00f3 que el hermano de la ni\u00f1a <strong>ST<\/strong>, de apenas 9, fue quien abus\u00f3 de ella.<\/p>\n\n\n\n<p class=\"wp-block-paragraph\">Se aguarda la celeridad del fiscal para dar curso penal a un hecho aberrante como lo es el \u201cabuso sexual simple\u201d, tal la car\u00e1tula de la causa, con el agravante que la v\u00edctima es una menor de edad.<\/p>\n\n\n\n<p class=\"wp-block-paragraph\">Mientras en redes sociales allegados a la familia materna realizaron un escrache al acusado.<\/p>\n","protected":false},"excerpt":{"rendered":"<p>Tanto el hombre como su pareja revistaban en el Comando de Patrullas de ese distrito. Tras la denuncia, Asuntos Internos orden\u00f3 su desafectaci\u00f3n de la fuerza, s\u00f3lo falta que el Fiscal Ruggeri ordene detenerlo. Un aberrante hecho se conoci\u00f3 durante la \u00faltima semana en Berazategui, donde una oficial de la Polic\u00eda Bonaerense denunci\u00f3 a su&hellip;<\/p>\n","protected":false},"author":1,"featured_media":98779,"comment_status":"open","ping_status":"open","sticky":false,"template":"","format":"standard","meta":{"footnotes":""},"categories":[22],"tags":[342,1277,33549,175,2450,6818,33548],"class_list":["post-98778","post","type-post","status-publish","format-standard","has-post-thumbnail","hentry","category-policiales","tag-abuso","tag-berazategui","tag-comando-de-patrullas-lanus","tag-denuncia","tag-diario-el-sindical","tag-hijastra","tag-oscar-marcelo-schmid"],"_links":{"self":[{"href":"https:\/\/www.elsindical.com.ar\/notas\/wp-json\/wp\/v2\/posts\/98778","targetHints":{"allow":["GET"]}}],"collection":[{"href":"https:\/\/www.elsindical.com.ar\/notas\/wp-json\/wp\/v2\/posts"}],"about":[{"href":"https:\/\/www.elsindical.com.ar\/notas\/wp-json\/wp\/v2\/types\/post"}],"author":[{"embeddable":true,"href":"https:\/\/www.elsindical.com.ar\/notas\/wp-json\/wp\/v2\/users\/1"}],"replies":[{"embeddable":true,"href":"https:\/\/www.elsindical.com.ar\/notas\/wp-json\/wp\/v2\/comments?post=98778"}],"version-history":[{"count":3,"href":"https:\/\/www.elsindical.com.ar\/notas\/wp-json\/wp\/v2\/posts\/98778\/revisions"}],"predecessor-version":[{"id":98782,"href":"https:\/\/www.elsindical.com.ar\/notas\/wp-json\/wp\/v2\/posts\/98778\/revisions\/98782"}],"wp:featuredmedia":[{"embeddable":true,"href":"https:\/\/www.elsindical.com.ar\/notas\/wp-json\/wp\/v2\/media\/98779"}],"wp:attachment":[{"href":"https:\/\/www.elsindical.com.ar\/notas\/wp-json\/wp\/v2\/media?parent=98778"}],"wp:term":[{"taxonomy":"category","embeddable":true,"href":"https:\/\/www.elsindical.com.ar\/notas\/wp-json\/wp\/v2\/categories?post=98778"},{"taxonomy":"post_tag","embeddable":true,"href":"https:\/\/www.elsindical.com.ar\/notas\/wp-json\/wp\/v2\/tags?post=98778"}],"curies":[{"name":"wp","href":"https:\/\/api.w.org\/{rel}","templated":true}]}}