{"id":98764,"date":"2020-09-17T11:07:48","date_gmt":"2020-09-17T14:07:48","guid":{"rendered":"https:\/\/www.elsindical.com.ar\/notas\/?p=98764"},"modified":"2020-09-17T11:07:51","modified_gmt":"2020-09-17T14:07:51","slug":"diputada-k-pide-sancionar-y-exonerar-a-los-policias-que-participaron-de-las-protestas","status":"publish","type":"post","link":"https:\/\/www.elsindical.com.ar\/notas\/diputada-k-pide-sancionar-y-exonerar-a-los-policias-que-participaron-de-las-protestas\/","title":{"rendered":"Diputada K pide sancionar y exonerar a los polic\u00edas que participaron de las protestas"},"content":{"rendered":"\n<figure class=\"wp-block-image size-large\"><img loading=\"lazy\" decoding=\"async\" width=\"880\" height=\"586\" src=\"https:\/\/www.elsindical.com.ar\/notas\/var\/www\/html\/notas\/wp-content\/uploads\/2020\/09\/policias-protesta-3.jpg\" alt=\"\" class=\"wp-image-98765\" srcset=\"https:\/\/www.elsindical.com.ar\/notas\/var\/www\/html\/notas\/wp-content\/uploads\/2020\/09\/policias-protesta-3.jpg 880w, https:\/\/www.elsindical.com.ar\/notas\/var\/www\/html\/notas\/wp-content\/uploads\/2020\/09\/policias-protesta-3-300x200.jpg 300w, https:\/\/www.elsindical.com.ar\/notas\/var\/www\/html\/notas\/wp-content\/uploads\/2020\/09\/policias-protesta-3-768x511.jpg 768w, https:\/\/www.elsindical.com.ar\/notas\/var\/www\/html\/notas\/wp-content\/uploads\/2020\/09\/policias-protesta-3-451x300.jpg 451w\" sizes=\"auto, (max-width: 880px) 100vw, 880px\" \/><\/figure>\n\n\n\n<p class=\"wp-block-paragraph\">Susana Gonz\u00e1lez, que tiene amplia experiencia en el trabajo con las fuerzas dijo que quienes rodearon la residencia de Kicillof cometieron delitos.<\/p>\n\n\n\n<p class=\"wp-block-paragraph\">La semana pasada estuvo signada por la oleada de protestas policiales de la Bonaerense que derivaron en episodios que no registran\u00a0precedentes cercanos, como fue el hecho de que rodearan las residencias del Gobernador y del Presidente.<\/p>\n\n\n\n<p class=\"wp-block-paragraph\">Sobre el tema se expres\u00f3 la diputada del Frente de Todos, <strong>Susana Gonz\u00e1lez<\/strong>, quien adem\u00e1s trabaj\u00f3 durante once a\u00f1os al frente de la secretar\u00eda de Seguridad de la localidad de Ensenada, adem\u00e1s de haber dado clases a los polic\u00edas en formaci\u00f3n. <\/p>\n\n\n\n<p class=\"wp-block-paragraph\">\u201cSon cuestiones que vienen de hace a\u00f1os, son reclamos justos pero el d\u00eda de las protestas ya no lo fue, fue una sublevaci\u00f3n de gente que tiene el monopolio de la fuerza, retenci\u00f3n indebida, incumplimiento de los deberes de funcionario p\u00fablico, eso que hicieron es delito. <strong>Espero que la Justicia sancione al personal policial envuelto en esta situaci\u00f3n y que Asuntos Internos los exonere<\/strong>\u201d, marc\u00f3 Gonz\u00e1lez.<\/p>\n\n\n\n<p class=\"wp-block-paragraph\">La diputada ensenadense resalt\u00f3 que ella misma denunci\u00f3 durante el gobierno de <strong>Mar\u00eda Eugenia Vidal<\/strong>, que hab\u00eda patrulleros acumulados en un dep\u00f3sito \u201cpara usar con fines electoralistas\u201d, que encontr\u00f3 chalecos antibala de baja calidad, que comprend\u00eda la situaci\u00f3n de los baj\u00edsimos salarios pero repudi\u00f3 el accionar de los efectivos de la bonaerense.<\/p>\n\n\n\n<p class=\"wp-block-paragraph\">Una de las preguntas que surgieron desde los sectores del oficialismo tuvo que ver con el momento elegido por la polic\u00eda para plantear sus reclamos ya que durante el periodo de gobierno del macrismo perdieron 30 puntos de poder adquisitivo y las promesas que se le hicieron no fueron cumplidas.<\/p>\n\n\n\n<p class=\"wp-block-paragraph\">\u201cEspero que nunca m\u00e1s tengamos este personal policial, aquel que pone en juego la vida de todos en medio de una pandemia. Detr\u00e1s de esto hay una avanzada pol\u00edtica, la polic\u00eda siempre tiene cuevas espurias y <strong>los Superintendentes de esta polic\u00eda fueron puestos por el gobierno anterior, creo que uno de los errores del Gobierno fue mantenerlos al asumir y ahora<\/strong>\u201d, marc\u00f3 la diputada.<\/p>\n\n\n\n<p class=\"wp-block-paragraph\">Luego de tres d\u00edas consecutivos de protestas, <strong>los uniformados lograron algo que no alcanz\u00f3 ning\u00fan otro sector de los trabajadores del Estado:<\/strong> un elevado aumento salarial, de horas extras y otros adicionales como que van a contar con dos hospitales de atenci\u00f3n exclusiva, adem\u00e1s de la formaci\u00f3n de corte universitario.<\/p>\n\n\n\n<p class=\"wp-block-paragraph\">Ahora, queda planteada la pregunta acerca de una posible repetici\u00f3n de estos hechos, porque a pesar de tener prohibido el derecho a huelga, los agentes policiales se manifestaron en las calles de varios distritos, incluso haciendo uso del uniforme, las armas en la cintura y arriba de los patrulleros.<\/p>\n\n\n\n<p class=\"wp-block-paragraph\">\u201c<strong>No creo que se vuelva a repetir siempre y cuando la Justicia les caiga con el peso que les tiene que caer a todos los que se sublevaron.<\/strong> Habr\u00e1 que analizar cu\u00e1les son los canales para que ellos puedan reclamar estas cuestiones, el problema es que muchos jefes se escondieron en estos d\u00edas y mandaron a los pibes, que estaban envalentonados\u201d, resalt\u00f3 Gonz\u00e1lez.<\/p>\n\n\n\n<p class=\"wp-block-paragraph\">Sobre el tema tambi\u00e9n hicieron referencia el propio gobernador Axel Kicillof y el ministro de Seguridad bonaerense, Sergio Berni. Kicillof dijo que \u201cno puede volver a pasar\u201d, mientras que Berni dijo sin vueltas que \u201cpor supuesto que vamos a sancionar. C\u00f3mo no vamos a sancionar a aquellos que han incumplido con su funci\u00f3n. <strong>No vamos a hacerlo a lo tonto y a lo r\u00e1pido porque nuevamente empiezan las presiones\u201d.<\/strong><\/p>\n\n\n\n<p class=\"wp-block-paragraph\">Al parecer, las protestas que comenzaron el domingo pasado por la noche fueron una sorpresa para el gobierno bonaerense, quien s\u00ed las anunci\u00f3 horas antes fue la ex asesora de Patricia Bullrich en el Ministerio de Seguridad, Florencia Arietto, que adelant\u00f3 lo que se ven\u00eda.<\/p>\n\n\n\n<p class=\"wp-block-paragraph\">Ahora, restar\u00e1 saber cu\u00e1les ser\u00e1n las determinaciones de Asuntos Internos, de la Justicia provincial y del Gobierno de Kicillof, que se mostr\u00f3 claramente molesto por las escenas en las que polic\u00edas armados rodeaban la casa de la Provincia, donde vive con su familia.<\/p>\n\n\n\n<p class=\"wp-block-paragraph\">\u201cTengo cientos de polic\u00edas en mis redes sociales, no vi que ninguno de ellos dijera que se iban a levantar ni nada de eso, debi\u00f3 pasar en las redes de la se\u00f1ora Arietto. <strong>No s\u00e9 si se pudo prever, los jefes policiales saben de lo que hablan sus efectivos, adem\u00e1s tienen un \u00e1rea de Inteligencia\u2026\u201d<\/strong>, desliz\u00f3 Gonz\u00e1lez.<\/p>\n\n\n\n<p class=\"wp-block-paragraph\">Desde que comenz\u00f3 la gesti\u00f3n bonaerense de Kicillof, el ministro que m\u00e1s sobresali\u00f3 fue Sergio Berni, puso su sello en el Ministerio y fue noticia por diferentes episodios mucho antes de estas protestas. El funcionario recibi\u00f3 el respaldo del Gobernador y, pese a los rumores de la semana anterior, est\u00e1 m\u00e1s que afianzado en su cargo.<\/p>\n\n\n\n<p class=\"wp-block-paragraph\">\u201c<strong>Sergio Berni<\/strong> es una persona que siempre est\u00e1 donde tiene que estar, <strong>es un buen servidor p\u00fablico, tiene experiencia en estoy y si tiene que rendir cuentas tendr\u00e1 que hacerlo ante el Gobernador. <\/strong>Me gusta porque tiene presencia pero en determinados momentos, no s\u00e9 si yo estar\u00eda tanto en los medios\u201d, concluy\u00f3.<\/p>\n\n\n\n<figure class=\"wp-block-gallery columns-1 is-cropped wp-block-gallery-1 is-layout-flex wp-block-gallery-is-layout-flex\"><ul class=\"blocks-gallery-grid\"><li class=\"blocks-gallery-item\"><figure><img loading=\"lazy\" decoding=\"async\" width=\"640\" height=\"361\" src=\"https:\/\/www.elsindical.com.ar\/notas\/var\/www\/html\/notas\/wp-content\/uploads\/2020\/09\/policias-protesta.jpg\" alt=\"\" data-id=\"98766\" data-full-url=\"https:\/\/www.elsindical.com.ar\/notas\/var\/www\/html\/notas\/wp-content\/uploads\/2020\/09\/policias-protesta.jpg\" data-link=\"https:\/\/www.elsindical.com.ar\/notas\/?attachment_id=98766#main\" class=\"wp-image-98766\" srcset=\"https:\/\/www.elsindical.com.ar\/notas\/var\/www\/html\/notas\/wp-content\/uploads\/2020\/09\/policias-protesta.jpg 640w, https:\/\/www.elsindical.com.ar\/notas\/var\/www\/html\/notas\/wp-content\/uploads\/2020\/09\/policias-protesta-300x169.jpg 300w, https:\/\/www.elsindical.com.ar\/notas\/var\/www\/html\/notas\/wp-content\/uploads\/2020\/09\/policias-protesta-500x282.jpg 500w, https:\/\/www.elsindical.com.ar\/notas\/var\/www\/html\/notas\/wp-content\/uploads\/2020\/09\/policias-protesta-460x260.jpg 460w\" sizes=\"auto, (max-width: 640px) 100vw, 640px\" \/><\/figure><\/li><li class=\"blocks-gallery-item\"><figure><img loading=\"lazy\" decoding=\"async\" width=\"730\" height=\"475\" src=\"https:\/\/www.elsindical.com.ar\/notas\/var\/www\/html\/notas\/wp-content\/uploads\/2020\/09\/policias-protesta-2.jpg\" alt=\"\" data-id=\"98767\" data-full-url=\"https:\/\/www.elsindical.com.ar\/notas\/var\/www\/html\/notas\/wp-content\/uploads\/2020\/09\/policias-protesta-2.jpg\" data-link=\"https:\/\/www.elsindical.com.ar\/notas\/?attachment_id=98767#main\" class=\"wp-image-98767\" srcset=\"https:\/\/www.elsindical.com.ar\/notas\/var\/www\/html\/notas\/wp-content\/uploads\/2020\/09\/policias-protesta-2.jpg 730w, https:\/\/www.elsindical.com.ar\/notas\/var\/www\/html\/notas\/wp-content\/uploads\/2020\/09\/policias-protesta-2-300x195.jpg 300w, https:\/\/www.elsindical.com.ar\/notas\/var\/www\/html\/notas\/wp-content\/uploads\/2020\/09\/policias-protesta-2-461x300.jpg 461w\" sizes=\"auto, (max-width: 730px) 100vw, 730px\" \/><\/figure><\/li><li class=\"blocks-gallery-item\"><figure><img loading=\"lazy\" decoding=\"async\" width=\"724\" height=\"209\" src=\"https:\/\/www.elsindical.com.ar\/notas\/var\/www\/html\/notas\/wp-content\/uploads\/2020\/09\/Gonzalez-Susana-diputada.jpg\" alt=\"\" data-id=\"98768\" data-full-url=\"https:\/\/www.elsindical.com.ar\/notas\/var\/www\/html\/notas\/wp-content\/uploads\/2020\/09\/Gonzalez-Susana-diputada.jpg\" data-link=\"https:\/\/www.elsindical.com.ar\/notas\/?attachment_id=98768#main\" class=\"wp-image-98768\" srcset=\"https:\/\/www.elsindical.com.ar\/notas\/var\/www\/html\/notas\/wp-content\/uploads\/2020\/09\/Gonzalez-Susana-diputada.jpg 724w, https:\/\/www.elsindical.com.ar\/notas\/var\/www\/html\/notas\/wp-content\/uploads\/2020\/09\/Gonzalez-Susana-diputada-300x87.jpg 300w, https:\/\/www.elsindical.com.ar\/notas\/var\/www\/html\/notas\/wp-content\/uploads\/2020\/09\/Gonzalez-Susana-diputada-500x144.jpg 500w\" sizes=\"auto, (max-width: 724px) 100vw, 724px\" \/><\/figure><\/li><\/ul><\/figure>\n\n\n\n<p class=\"wp-block-paragraph\">Fuente: Diputados Bonaerenses<\/p>\n","protected":false},"excerpt":{"rendered":"<p>Susana Gonz\u00e1lez, que tiene amplia experiencia en el trabajo con las fuerzas dijo que quienes rodearon la residencia de Kicillof cometieron delitos. La semana pasada estuvo signada por la oleada de protestas policiales de la Bonaerense que derivaron en episodios que no registran\u00a0precedentes cercanos, como fue el hecho de que rodearan las residencias del Gobernador&hellip;<\/p>\n","protected":false},"author":1,"featured_media":98765,"comment_status":"open","ping_status":"open","sticky":false,"template":"","format":"standard","meta":{"footnotes":""},"categories":[13],"tags":[33547,12382,33509,3056,33546],"class_list":["post-98764","post","type-post","status-publish","format-standard","has-post-thumbnail","hentry","category-politica","tag-diputados-bonaerenses","tag-exoneracion","tag-protesta-policial","tag-sanciones","tag-susana-gonzalez"],"_links":{"self":[{"href":"https:\/\/www.elsindical.com.ar\/notas\/wp-json\/wp\/v2\/posts\/98764","targetHints":{"allow":["GET"]}}],"collection":[{"href":"https:\/\/www.elsindical.com.ar\/notas\/wp-json\/wp\/v2\/posts"}],"about":[{"href":"https:\/\/www.elsindical.com.ar\/notas\/wp-json\/wp\/v2\/types\/post"}],"author":[{"embeddable":true,"href":"https:\/\/www.elsindical.com.ar\/notas\/wp-json\/wp\/v2\/users\/1"}],"replies":[{"embeddable":true,"href":"https:\/\/www.elsindical.com.ar\/notas\/wp-json\/wp\/v2\/comments?post=98764"}],"version-history":[{"count":1,"href":"https:\/\/www.elsindical.com.ar\/notas\/wp-json\/wp\/v2\/posts\/98764\/revisions"}],"predecessor-version":[{"id":98769,"href":"https:\/\/www.elsindical.com.ar\/notas\/wp-json\/wp\/v2\/posts\/98764\/revisions\/98769"}],"wp:featuredmedia":[{"embeddable":true,"href":"https:\/\/www.elsindical.com.ar\/notas\/wp-json\/wp\/v2\/media\/98765"}],"wp:attachment":[{"href":"https:\/\/www.elsindical.com.ar\/notas\/wp-json\/wp\/v2\/media?parent=98764"}],"wp:term":[{"taxonomy":"category","embeddable":true,"href":"https:\/\/www.elsindical.com.ar\/notas\/wp-json\/wp\/v2\/categories?post=98764"},{"taxonomy":"post_tag","embeddable":true,"href":"https:\/\/www.elsindical.com.ar\/notas\/wp-json\/wp\/v2\/tags?post=98764"}],"curies":[{"name":"wp","href":"https:\/\/api.w.org\/{rel}","templated":true}]}}