{"id":98741,"date":"2020-09-16T00:48:15","date_gmt":"2020-09-16T03:48:15","guid":{"rendered":"https:\/\/www.elsindical.com.ar\/notas\/?p=98741"},"modified":"2020-09-16T00:48:19","modified_gmt":"2020-09-16T03:48:19","slug":"el-consumo-en-argentina-cayo-54-durante-agosto-fue-el-peor-mes-de-todo-el-ano","status":"publish","type":"post","link":"https:\/\/www.elsindical.com.ar\/notas\/el-consumo-en-argentina-cayo-54-durante-agosto-fue-el-peor-mes-de-todo-el-ano\/","title":{"rendered":"El Consumo en Argentina cay\u00f3 5,4% durante agosto: fue el peor mes de todo el a\u00f1o"},"content":{"rendered":"\n<figure class=\"wp-block-image size-large\"><img loading=\"lazy\" decoding=\"async\" width=\"1024\" height=\"628\" src=\"https:\/\/www.elsindical.com.ar\/notas\/var\/www\/html\/notas\/wp-content\/uploads\/2020\/09\/caida-consumo-Argentina-1024x628.jpg\" alt=\"\" class=\"wp-image-98742\" srcset=\"https:\/\/www.elsindical.com.ar\/notas\/var\/www\/html\/notas\/wp-content\/uploads\/2020\/09\/caida-consumo-Argentina-1024x628.jpg 1024w, https:\/\/www.elsindical.com.ar\/notas\/var\/www\/html\/notas\/wp-content\/uploads\/2020\/09\/caida-consumo-Argentina-300x184.jpg 300w, https:\/\/www.elsindical.com.ar\/notas\/var\/www\/html\/notas\/wp-content\/uploads\/2020\/09\/caida-consumo-Argentina-768x471.jpg 768w, https:\/\/www.elsindical.com.ar\/notas\/var\/www\/html\/notas\/wp-content\/uploads\/2020\/09\/caida-consumo-Argentina-490x300.jpg 490w, https:\/\/www.elsindical.com.ar\/notas\/var\/www\/html\/notas\/wp-content\/uploads\/2020\/09\/caida-consumo-Argentina.jpg 1170w\" sizes=\"auto, (max-width: 1024px) 100vw, 1024px\" \/><\/figure>\n\n\n\n<p>La baja fue m\u00e1s pronunciada para el canal de supermercados, que tuvo un derrumbe de 7,6%, mientras que los autoservicios retrocedieron un 3,5%.<\/p>\n\n\n\n<p>La <strong>cuarentena por coronavirus en la Argentina<\/strong> sigue haciendo sentir sus efectos nocivos, tambi\u00e9n en el aspecto de la econom\u00eda y los negocios. Con este marco, el consumo masivo acusa el impacto y el deterioro del poder adquisitivo es palpable a cada paso.<\/p>\n\n\n\n<p>En este complicado contexto el<strong> consumo<\/strong> ha registrado&nbsp;durante el pasado mes de agosto<strong> el peor mes del a\u00f1o 2020<\/strong>, con una ca\u00edda notable que lleg\u00f3 al <strong>5,4%<\/strong> en comparaci\u00f3n con el mismo mes del a\u00f1o anterior,&nbsp;seg\u00fan los datos de la consultora Scentia.<\/p>\n\n\n\n<p>El derrumbe fue a\u00fan m\u00e1s marcado para el canal de supermercados,\u00a0con una ca\u00edda de 7,6%,\u00a0en tanto que los autoservicios\u00a0cayeron un 3,5%. Las cadenas de<strong> supermercados<\/strong> sufrieron m\u00e1s en el Gran Buenos Aires y los<strong> autoservicios<\/strong> en el interior del pa\u00eds.<\/p>\n\n\n\n<p>\u201cEsto puede explicarse a partir del <strong>efecto domin\u00f3<\/strong>. La postergaci\u00f3n de pagos, que inicialmente se interpretaron como ahorro, comienza a tomar parte de los ingresos. A esto se suman deudas contra\u00eddas, salarios deca\u00eddos, las actividades que regresaron de forma parcial y aquellas que a\u00fan no pudieron retomar, que generaron cierto deterioro del poder adquisitivo que ya comienza a notarse en el consumo b\u00e1sico\u201d,&nbsp;se lee en el informe de la consultora especializada en consumo; tras un minuciosos&nbsp;relevamiento&nbsp;sobre m\u00e1s de 3.000 comercios mediante el sistema de scanning.<\/p>\n\n\n\n<p>En la&nbsp;baja total, solo uno de los rubros&nbsp;estudiados ha mejorado&nbsp;si se lo compara al mismo mes del a\u00f1o anterior: <strong>limpieza de la ropa y del hogar<\/strong>, que tuvo una suba de 4,2% en comparaci\u00f3n con agosto de 2019. Mientras tanto, las categor\u00edas m\u00e1s golpeadas fueron productos impulsivos \u2013como las golosinas\u2013, con una baja de 14,1%; bebidas sin alcohol (10,8%); higiene y cosm\u00e9tica (6,3%) y productos perecederos y congelados (6%).<\/p>\n\n\n\n<p>En lo que va de&nbsp;2020, el consumo&nbsp;sigue con un saldo positivo del <strong>1%<\/strong>, pero que se explica por los altos picos de demanda que se generaron en los primeros meses de la cuarentena y en las semanas previas, cuando los consumidores buscaron aprovisionarse, con un stockeo de alimentos y productos. Fueron picos de 16,2% en marzo y 4,1% en abril.<\/p>\n\n\n\n<p>Posteriormente llegaron&nbsp;ca\u00eddas de 0,5% en mayo, 3,2% en junio y 0,5% en julio. \u201cLo m\u00e1s probable es que el a\u00f1o termine empatado o con un saldo negativo de -2%. Los meses que siguen vamos a encontrar nuevas ca\u00eddas. El \u00faltimo mes positivo fue abril. Pero te est\u00e1s comparando con el a\u00f1o pasado, donde la ca\u00edda fue de 7,2%. Entonces, salir empatado no es algo bueno\u201d, indic\u00f3 Del R\u00edo.<\/p>\n\n\n\n<p>Vale destacar que el informe preliminar de Nielsen Argentina tambi\u00e9n arroj\u00f3 una ca\u00edda, del <strong>3,3%<\/strong>, el mes pasado.<\/p>\n\n\n\n<p>Si los n\u00fameros de consumo de 2020 son negativos, ser\u00eda el quinto a\u00f1o de ca\u00edda para el sector, luego de las bajas de 4,5% en 2016; 3,2% en 2017; 1,5% en 2018 y 7,2% en 2019.<\/p>\n","protected":false},"excerpt":{"rendered":"<p>La baja fue m\u00e1s pronunciada para el canal de supermercados, que tuvo un derrumbe de 7,6%, mientras que los autoservicios retrocedieron un 3,5%. La cuarentena por coronavirus en la Argentina sigue haciendo sentir sus efectos nocivos, tambi\u00e9n en el aspecto de la econom\u00eda y los negocios. Con este marco, el consumo masivo acusa el impacto&hellip;<\/p>\n","protected":false},"author":1,"featured_media":98742,"comment_status":"open","ping_status":"open","sticky":false,"template":"","format":"standard","meta":{"footnotes":""},"categories":[9],"tags":[33541,390,2450,22023],"class_list":["post-98741","post","type-post","status-publish","format-standard","has-post-thumbnail","hentry","category-economia","tag-consumo-argentina","tag-crisis","tag-diario-el-sindical","tag-economia"],"_links":{"self":[{"href":"https:\/\/www.elsindical.com.ar\/notas\/wp-json\/wp\/v2\/posts\/98741","targetHints":{"allow":["GET"]}}],"collection":[{"href":"https:\/\/www.elsindical.com.ar\/notas\/wp-json\/wp\/v2\/posts"}],"about":[{"href":"https:\/\/www.elsindical.com.ar\/notas\/wp-json\/wp\/v2\/types\/post"}],"author":[{"embeddable":true,"href":"https:\/\/www.elsindical.com.ar\/notas\/wp-json\/wp\/v2\/users\/1"}],"replies":[{"embeddable":true,"href":"https:\/\/www.elsindical.com.ar\/notas\/wp-json\/wp\/v2\/comments?post=98741"}],"version-history":[{"count":1,"href":"https:\/\/www.elsindical.com.ar\/notas\/wp-json\/wp\/v2\/posts\/98741\/revisions"}],"predecessor-version":[{"id":98743,"href":"https:\/\/www.elsindical.com.ar\/notas\/wp-json\/wp\/v2\/posts\/98741\/revisions\/98743"}],"wp:featuredmedia":[{"embeddable":true,"href":"https:\/\/www.elsindical.com.ar\/notas\/wp-json\/wp\/v2\/media\/98742"}],"wp:attachment":[{"href":"https:\/\/www.elsindical.com.ar\/notas\/wp-json\/wp\/v2\/media?parent=98741"}],"wp:term":[{"taxonomy":"category","embeddable":true,"href":"https:\/\/www.elsindical.com.ar\/notas\/wp-json\/wp\/v2\/categories?post=98741"},{"taxonomy":"post_tag","embeddable":true,"href":"https:\/\/www.elsindical.com.ar\/notas\/wp-json\/wp\/v2\/tags?post=98741"}],"curies":[{"name":"wp","href":"https:\/\/api.w.org\/{rel}","templated":true}]}}