{"id":98696,"date":"2020-09-15T00:48:31","date_gmt":"2020-09-15T03:48:31","guid":{"rendered":"https:\/\/www.elsindical.com.ar\/notas\/?p=98696"},"modified":"2020-09-15T00:48:32","modified_gmt":"2020-09-15T03:48:32","slug":"acusacion-contra-facebook-no-actuo-para-frenar-campanas-dedicadas-a-manipular-elecciones-en-todo-el-mundo","status":"publish","type":"post","link":"https:\/\/www.elsindical.com.ar\/notas\/acusacion-contra-facebook-no-actuo-para-frenar-campanas-dedicadas-a-manipular-elecciones-en-todo-el-mundo\/","title":{"rendered":"Acusaci\u00f3n contra Facebook: no actu\u00f3 para frenar campa\u00f1as dedicadas a manipular elecciones en todo el mundo"},"content":{"rendered":"\n<figure class=\"wp-block-image size-large\"><img loading=\"lazy\" decoding=\"async\" width=\"1024\" height=\"680\" src=\"https:\/\/www.elsindical.com.ar\/notas\/var\/www\/html\/notas\/wp-content\/uploads\/2020\/09\/Facebook-y-CEO-1024x680.jpg\" alt=\"\" class=\"wp-image-98697\" srcset=\"https:\/\/www.elsindical.com.ar\/notas\/var\/www\/html\/notas\/wp-content\/uploads\/2020\/09\/Facebook-y-CEO-1024x680.jpg 1024w, https:\/\/www.elsindical.com.ar\/notas\/var\/www\/html\/notas\/wp-content\/uploads\/2020\/09\/Facebook-y-CEO-300x199.jpg 300w, https:\/\/www.elsindical.com.ar\/notas\/var\/www\/html\/notas\/wp-content\/uploads\/2020\/09\/Facebook-y-CEO-768x510.jpg 768w, https:\/\/www.elsindical.com.ar\/notas\/var\/www\/html\/notas\/wp-content\/uploads\/2020\/09\/Facebook-y-CEO-452x300.jpg 452w, https:\/\/www.elsindical.com.ar\/notas\/var\/www\/html\/notas\/wp-content\/uploads\/2020\/09\/Facebook-y-CEO.jpg 1170w\" sizes=\"auto, (max-width: 1024px) 100vw, 1024px\" \/><\/figure>\n\n\n\n<p class=\"wp-block-paragraph\">Un informe interno de la firma, a escrito por Sophie Zhang, revela que Estados nacionales y l\u00edderes pol\u00edticos \u201cllevaron a cabo abusos a gran escala para enga\u00f1ar a sus propios ciudadanos\u201d. Fue recientemente despedida.<\/p>\n\n\n\n<p class=\"wp-block-paragraph\"><strong>Facebook<\/strong> y su CEO, <strong>Mark Zuckerberg<\/strong>, siguen estando en el ojo de la tormenta. Y no es para menos. Es que ahora se ha hecho p\u00fablico que Facebook ha ignorado deliberadamente o -directamente- no hizo nada con premura ante varias<strong> campa\u00f1as que se han llevado adelante en la red social para manipular elecciones<\/strong> y otros diferentes procesos pol\u00edticos.<\/p>\n\n\n\n<p class=\"wp-block-paragraph\">As\u00ed consta en un <strong>informe<\/strong> divulgado este mismo lunes.<\/p>\n\n\n\n<p class=\"wp-block-paragraph\">El paper interno -que consta nada menos que de <strong>6.600 p\u00e1ginas<\/strong>-, ha sido citado por Buzzfeed News, y saca a la luz la falta de acci\u00f3n de la firma de Zuckerberg en muchos hechos concretos. <strong>Sophie Zhang<\/strong>, una ex cient\u00edfica de datos que trabajaba en el equipo de integridad de la compa\u00f1\u00eda lidiando con cuentas falsas que buscaban influir en elecciones, es quien se encuentra detr\u00e1s de la divulgaci\u00f3n de estos datos.<\/p>\n\n\n\n<p class=\"wp-block-paragraph\"><strong>\u201cS\u00e9 que tengo sangre en mis manos\u201d<\/strong>, sentenci\u00f3 Zhang en un pasaje del memo, al describir las consecuencias concretas de las campa\u00f1as llevadas a cabo con impunidad dentro de la red social, que al 10 de agosto contaba con 2.700 millones de usuarios a nivel global.<\/p>\n\n\n\n<p class=\"wp-block-paragraph\">\u201cEn los tres a\u00f1os que pas\u00e9 en Facebook, encontr\u00e9 <strong>m\u00faltiples y evidentes intentos de gobiernos nacionales de abusar de nuestra plataforma a gran escala<\/strong> para enga\u00f1ar a sus propios ciudadanos, generando noticias de impacto internacional en m\u00faltiples ocasiones\u201d, manifest\u00f3 Zhang.<\/p>\n\n\n\n<p class=\"wp-block-paragraph\"><strong>\u201cHe tomado personalmente decisiones que afectaron presidentes sin que nadie me supervisara\u201d<\/strong>, sostuvo la ex empleada de Facebook.<\/p>\n\n\n\n<p class=\"wp-block-paragraph\">La mujer afirm\u00f3 as\u00ed mismo que la falta de apoyo institucional y los potenciales efectos de sus acciones o falta de ellas la llevaron a dejar de poder dormir, algo que claramente ha afectado su estado de salud. Al mismo tiempo, dijo que se siente responsable por diferentes conflictos sociales que en pa\u00edses que decidi\u00f3 no priorizar.<\/p>\n\n\n\n<p class=\"wp-block-paragraph\">\u201cHab\u00eda tantos <strong>comportamientos violatorios<\/strong> de las normas alrededor del mundo que termin\u00f3 recayendo en m\u00ed la responsabilidad de determinar que casos continuar investigando\u201d, dijo.<\/p>\n\n\n\n<p class=\"wp-block-paragraph\">Zhang manifest\u00f3 tambi\u00e9n que <strong>los altos mandos de Facebook mostraban nulo inter\u00e9s en proteger los procesos democr\u00e1ticos en pa\u00edses peque\u00f1os<\/strong>. Con este marco, la mujer relat\u00f3 de qu\u00e9 manera dieron prioridad a los Estados Unidos y Europa Occidental, y c\u00f3mo solo actuaron con respecto a otras regiones luego de que reiterara sus advertencias en los foros p\u00fablicos de la aplicaci\u00f3n de mensajer\u00eda interna de la compa\u00f1\u00eda, Workplace.<\/p>\n\n\n\n<p class=\"wp-block-paragraph\">Entre los casos est\u00e1 el uso de cuentas falsas para modificar artificialmente la imagen de gobiernos y partidos pol\u00edticos en <strong>Honduras y Azerbaiy\u00e1n<\/strong>. Y campa\u00f1as coordinadas de distintos tama\u00f1os que buscaban impulsar o da\u00f1ar candidatos o elecciones en pa\u00edses como India, Ucrania, Espa\u00f1a, Brasil, Estados Unidos, Bolivia y Ecuador.<\/p>\n\n\n\n<p class=\"wp-block-paragraph\">Zhang cont\u00f3 abiertamente que decidi\u00f3 no publicar el documento por dos razones fundamentales: por <strong>miedo<\/strong> a que afectara los esfuerzos de Facebook para prepararse para las elecciones presidenciales de Estados Unidos, que tendr\u00e1n lugar el pr\u00f3ximo 3 de noviembre; y por miedo a poner en peligro su propia seguridad. \u201cEntiendo que me pusieron en un lugar imposible: <strong>atrapada entre mi lealtad a la compa\u00f1\u00eda y mi lealtad al mundo entero<\/strong>\u201d, dijo.<\/p>\n\n\n\n<p class=\"wp-block-paragraph\">Buzzfeed explic\u00f3 que decidi\u00f3 publicar los elementos del documento que no contuvieran informaci\u00f3n personal de Zhang y que considerara de<strong> \u201cclaro inter\u00e9s p\u00fablico\u201d<\/strong>.<\/p>\n\n\n\n<p class=\"wp-block-paragraph\">El sitio enumera las siguientes revelaciones contenidas en el paper revelado:<\/p>\n\n\n\n<p class=\"wp-block-paragraph\">-\u201cFacebook tard\u00f3 nueve meses en actuar sobre una campa\u00f1a coordinada que \u2018us\u00f3 miles de activos no aut\u00e9nticos (cuentas falsas) para mejorar la imagen del presidente hondure\u00f1o Juan Orlando Hern\u00e1ndez y enga\u00f1ar al pueblo hondure\u00f1o\u2019. Dos semanas despu\u00e9s de que la red social lo hiciera, quienes llevaron a cabo la primera campa\u00f1a volvieron. Ello llev\u00f3 a Zhang a realizar una suerte de persecuci\u00f3n de quienes est\u00e1n detr\u00e1s de las cuentas falsas, que todav\u00eda est\u00e1n activas\u201d.<\/p>\n\n\n\n<p class=\"wp-block-paragraph\">-\u201cEn Azerbaiy\u00e1n, Zhang descubri\u00f3 que el oficialismo hab\u00eda \u2018usado miles de cuentas falsas para acosar masivamente a la oposici\u00f3n\u2019. Facebook comenz\u00f3 a investigar el hecho un a\u00f1o despu\u00e9s de que Zhang lo reportara. La investigaci\u00f3n todav\u00eda contin\u00faa\u201d.<\/p>\n\n\n\n<p class=\"wp-block-paragraph\">-\u201cZhang y sus colegas removieron \u201910 millones y medio de reacciones y fans falsos de las cuentas de pol\u00edticos de alto perfil en Brasil y los Estados Unidos durante las elecciones de 2018\u2032\u201d.<\/p>\n\n\n\n<p class=\"wp-block-paragraph\">-\u201cEn febrero de 2019, un investigador de la OTAN inform\u00f3 a Facebook que hab\u00eda identificado cuentas falsas provenientes de Rusia y concernientes a una \u2018figura de alto perfil pol\u00edtico de los Estados Unidos\u2019. Facebook no hab\u00eda logrado identificar la actividad y se apur\u00f3 a reaccionar antes de que el investigador informara al Congreso (de EEUU) al d\u00eda siguiente. Zhang removi\u00f3 la actividad \u2018apagando el incendio inminente\u2019\u201d.<\/p>\n\n\n\n<p class=\"wp-block-paragraph\">-\u201cEn Ucrania, Zhang \u2018encontr\u00f3 actividades de cuentas falsas\u2019 que apoyaban tanto a la ex primer ministra Yulia Tymoshenko, partidaria de estrechar lazos con europa, y a Volodymyr Groysman, tambi\u00e9n ex primer ministro y aliado del ex presidente, Petro Poroshenko\u201d.<\/p>\n\n\n\n<p class=\"wp-block-paragraph\">-\u201cTambi\u00e9n encontr\u00f3 actividad falsa en Bolivia y Ecuador pero decidi\u00f3 no priorizarla dada la cantidad de trabajo que ten\u00eda\u201d.<\/p>\n\n\n\n<p class=\"wp-block-paragraph\">-\u201cLuego de determinar la existencia de un intento de manipulaci\u00f3n coordinada hacia la cuenta de Facebook del ministerio de Salud espa\u00f1ol durante la pandemia de Covid-19, ayud\u00f3 a encontrar y remover 672.000 cuentas falsas que actuaban de manera similar sobre otros objetivos a nivel global, incluyendo los Estados Unidos\u00bb.<\/p>\n\n\n\n<p class=\"wp-block-paragraph\">-\u201cEn India, trabaj\u00f3 para remover \u2018una sofisticada red pol\u00edtica de m\u00e1s de 1.000 actores que trabajaban para influir en las elecciones que tendr\u00edan lugar en Nueva Delhi\u2019\u201d.<\/p>\n\n\n\n<p class=\"wp-block-paragraph\">Zhang explic\u00f3 que cuando<strong> llev\u00f3 sus preocupaciones a sus superiores<\/strong> y pidi\u00f3 que se dedicaran m\u00e1s recursos a contrarrestar actividades maliciosas relacionadas a procesos pol\u00edticos, la respuesta fue negativa: <strong>\u201cLos recursos humanos son limitados\u201d<\/strong>, le manifestaron.<\/p>\n","protected":false},"excerpt":{"rendered":"<p>Un informe interno de la firma, a escrito por Sophie Zhang, revela que Estados nacionales y l\u00edderes pol\u00edticos \u201cllevaron a cabo abusos a gran escala para enga\u00f1ar a sus propios ciudadanos\u201d. Fue recientemente despedida. Facebook y su CEO, Mark Zuckerberg, siguen estando en el ojo de la tormenta. Y no es para menos. Es que&hellip;<\/p>\n","protected":false},"author":1,"featured_media":98697,"comment_status":"open","ping_status":"open","sticky":false,"template":"","format":"standard","meta":{"footnotes":""},"categories":[18],"tags":[1350,2450,219,33533,1100],"class_list":["post-98696","post","type-post","status-publish","format-standard","has-post-thumbnail","hentry","category-internacionales","tag-ceo","tag-diario-el-sindical","tag-facebook","tag-manipular-elecciones","tag-mark-zuckerberg"],"_links":{"self":[{"href":"https:\/\/www.elsindical.com.ar\/notas\/wp-json\/wp\/v2\/posts\/98696","targetHints":{"allow":["GET"]}}],"collection":[{"href":"https:\/\/www.elsindical.com.ar\/notas\/wp-json\/wp\/v2\/posts"}],"about":[{"href":"https:\/\/www.elsindical.com.ar\/notas\/wp-json\/wp\/v2\/types\/post"}],"author":[{"embeddable":true,"href":"https:\/\/www.elsindical.com.ar\/notas\/wp-json\/wp\/v2\/users\/1"}],"replies":[{"embeddable":true,"href":"https:\/\/www.elsindical.com.ar\/notas\/wp-json\/wp\/v2\/comments?post=98696"}],"version-history":[{"count":1,"href":"https:\/\/www.elsindical.com.ar\/notas\/wp-json\/wp\/v2\/posts\/98696\/revisions"}],"predecessor-version":[{"id":98698,"href":"https:\/\/www.elsindical.com.ar\/notas\/wp-json\/wp\/v2\/posts\/98696\/revisions\/98698"}],"wp:featuredmedia":[{"embeddable":true,"href":"https:\/\/www.elsindical.com.ar\/notas\/wp-json\/wp\/v2\/media\/98697"}],"wp:attachment":[{"href":"https:\/\/www.elsindical.com.ar\/notas\/wp-json\/wp\/v2\/media?parent=98696"}],"wp:term":[{"taxonomy":"category","embeddable":true,"href":"https:\/\/www.elsindical.com.ar\/notas\/wp-json\/wp\/v2\/categories?post=98696"},{"taxonomy":"post_tag","embeddable":true,"href":"https:\/\/www.elsindical.com.ar\/notas\/wp-json\/wp\/v2\/tags?post=98696"}],"curies":[{"name":"wp","href":"https:\/\/api.w.org\/{rel}","templated":true}]}}