{"id":98672,"date":"2020-09-14T11:27:34","date_gmt":"2020-09-14T14:27:34","guid":{"rendered":"https:\/\/www.elsindical.com.ar\/notas\/?p=98672"},"modified":"2020-09-14T11:27:37","modified_gmt":"2020-09-14T14:27:37","slug":"dolor-por-la-muerte-del-presidente-del-inaes-mario-cafiero","status":"publish","type":"post","link":"https:\/\/www.elsindical.com.ar\/notas\/dolor-por-la-muerte-del-presidente-del-inaes-mario-cafiero\/","title":{"rendered":"Dolor por la muerte del presidente del INAES, Mario Cafiero"},"content":{"rendered":"\n<figure class=\"wp-block-image size-large\"><img loading=\"lazy\" decoding=\"async\" width=\"742\" height=\"565\" src=\"https:\/\/www.elsindical.com.ar\/notas\/var\/www\/html\/notas\/wp-content\/uploads\/2020\/09\/Mario-Cafiero.jpg\" alt=\"\" class=\"wp-image-98673\" srcset=\"https:\/\/www.elsindical.com.ar\/notas\/var\/www\/html\/notas\/wp-content\/uploads\/2020\/09\/Mario-Cafiero.jpg 742w, https:\/\/www.elsindical.com.ar\/notas\/var\/www\/html\/notas\/wp-content\/uploads\/2020\/09\/Mario-Cafiero-300x228.jpg 300w, https:\/\/www.elsindical.com.ar\/notas\/var\/www\/html\/notas\/wp-content\/uploads\/2020\/09\/Mario-Cafiero-394x300.jpg 394w\" sizes=\"auto, (max-width: 742px) 100vw, 742px\" \/><\/figure>\n\n\n\n<p>El presidente del Instituto Nacional de Asociativismo y Econom\u00eda Nacional (Inaes), Mario Cafiero, falleci\u00f3 este domingo luego de haber estado internado en las \u00faltimas horas en estado delicado.<\/p>\n\n\n\n<p>\u201cHoy nos dej\u00f3 el Presidente del Instituto, el compa\u00f1ero Mario Cafiero. Su camino dedicado a la funci\u00f3n p\u00fablica tanto como a la militancia pol\u00edtica y social, desde cada una de las responsabilidades que eligi\u00f3 asumir a lo largo de su vida, tuvo como permanente premisa el di\u00e1logo, la b\u00fasqueda de consenso y el respeto por delante de todo, tanto en las coincidencias como en las diferencias\u201d, indic\u00f3 el Inaes en un comunicado.<\/p>\n\n\n\n<p>Agreg\u00f3 que \u201cdesde antes de asumir al frente del INAES, pero m\u00e1s que nunca desde diciembre de 2019, Mario Cafiero visualiz\u00f3, plante\u00f3 y llev\u00f3 adelante una gesti\u00f3n en la cual el Cooperativismo, el Mutualismo, el Asociativismo fueron (y deber\u00e1n seguir siendo en tanto su legado) valores fundamentales para las relaciones entre todos los seres humanos\u201d.<\/p>\n\n\n\n<p>\u201cLa mirada que nos deja Mario se enlaza indisoluble con la del Papa Francisco, la de la econom\u00eda social y solidaria, y la del Presidente Alberto Fern\u00e1ndez: los sue\u00f1os comunes son el sustento b\u00e1sico de toda acci\u00f3n pol\u00edtica\u201d, sigui\u00f3 el comunicado en el que se indic\u00f3 que \u201clas personas que integramos el INAES sabemos que es momento de estar m\u00e1s unidos que nunca\u201d.<\/p>\n\n\n\n<p>Cafiero, nacido el 21 de enero de 1956 en el partido bonaerense de San Isidro, era hijo del ex senador justicialista Antonio Cafiero, fallecido en 2014.<\/p>\n\n\n\n<p>El funcionario era hermano de Juan Pablo Cafiero, quien fue embajador ante la Santa Sede, y t\u00edo del jefe de Gabinete, Santiago Cafiero.<\/p>\n\n\n\n<p>Mario Cafiero era vicepresidente del Movimiento Proyecto Sur y desde el inicio de la gesti\u00f3n del presidente Alberto Fern\u00e1ndez asumi\u00f3 como titular del Inaes, organismo dependiente del ministerio de Desarrollo Productivo.<\/p>\n\n\n\n<p>Cafiero, entre otras funciones, fue asesor de la vicepresidencia segunda de la C\u00e1mara de Diputados entre 1985 y 1987, secretario general de la gobernaci\u00f3n de la provincia de Buenos Aires y presidente del Ente de Administraci\u00f3n y Explotaci\u00f3n de la Zona Franca La Plata.<\/p>\n","protected":false},"excerpt":{"rendered":"<p>El presidente del Instituto Nacional de Asociativismo y Econom\u00eda Nacional (Inaes), Mario Cafiero, falleci\u00f3 este domingo luego de haber estado internado en las \u00faltimas horas en estado delicado. \u201cHoy nos dej\u00f3 el Presidente del Instituto, el compa\u00f1ero Mario Cafiero. Su camino dedicado a la funci\u00f3n p\u00fablica tanto como a la militancia pol\u00edtica y social, desde&hellip;<\/p>\n","protected":false},"author":1,"featured_media":98673,"comment_status":"open","ping_status":"open","sticky":false,"template":"","format":"standard","meta":{"footnotes":""},"categories":[25],"tags":[2450,19208,23905,305],"class_list":["post-98672","post","type-post","status-publish","format-standard","has-post-thumbnail","hentry","category-sociedad","tag-diario-el-sindical","tag-inaes","tag-mario-cafiero","tag-muerte"],"_links":{"self":[{"href":"https:\/\/www.elsindical.com.ar\/notas\/wp-json\/wp\/v2\/posts\/98672","targetHints":{"allow":["GET"]}}],"collection":[{"href":"https:\/\/www.elsindical.com.ar\/notas\/wp-json\/wp\/v2\/posts"}],"about":[{"href":"https:\/\/www.elsindical.com.ar\/notas\/wp-json\/wp\/v2\/types\/post"}],"author":[{"embeddable":true,"href":"https:\/\/www.elsindical.com.ar\/notas\/wp-json\/wp\/v2\/users\/1"}],"replies":[{"embeddable":true,"href":"https:\/\/www.elsindical.com.ar\/notas\/wp-json\/wp\/v2\/comments?post=98672"}],"version-history":[{"count":1,"href":"https:\/\/www.elsindical.com.ar\/notas\/wp-json\/wp\/v2\/posts\/98672\/revisions"}],"predecessor-version":[{"id":98674,"href":"https:\/\/www.elsindical.com.ar\/notas\/wp-json\/wp\/v2\/posts\/98672\/revisions\/98674"}],"wp:featuredmedia":[{"embeddable":true,"href":"https:\/\/www.elsindical.com.ar\/notas\/wp-json\/wp\/v2\/media\/98673"}],"wp:attachment":[{"href":"https:\/\/www.elsindical.com.ar\/notas\/wp-json\/wp\/v2\/media?parent=98672"}],"wp:term":[{"taxonomy":"category","embeddable":true,"href":"https:\/\/www.elsindical.com.ar\/notas\/wp-json\/wp\/v2\/categories?post=98672"},{"taxonomy":"post_tag","embeddable":true,"href":"https:\/\/www.elsindical.com.ar\/notas\/wp-json\/wp\/v2\/tags?post=98672"}],"curies":[{"name":"wp","href":"https:\/\/api.w.org\/{rel}","templated":true}]}}