{"id":98623,"date":"2020-09-11T10:23:14","date_gmt":"2020-09-11T13:23:14","guid":{"rendered":"https:\/\/www.elsindical.com.ar\/notas\/?p=98623"},"modified":"2020-09-11T10:23:16","modified_gmt":"2020-09-11T13:23:16","slug":"el-senado-aprobo-el-nombramiento-de-14-jueces-y-fiscales-para-lomas-y-lanus","status":"publish","type":"post","link":"https:\/\/www.elsindical.com.ar\/notas\/el-senado-aprobo-el-nombramiento-de-14-jueces-y-fiscales-para-lomas-y-lanus\/","title":{"rendered":"El Senado aprob\u00f3 el nombramiento de 14 jueces y fiscales para Lomas y Lan\u00fas"},"content":{"rendered":"\n<div class=\"wp-block-image\"><figure class=\"aligncenter size-large is-resized\"><img loading=\"lazy\" decoding=\"async\" src=\"https:\/\/www.elsindical.com.ar\/notas\/var\/www\/html\/notas\/wp-content\/uploads\/2010\/08\/Tribunales-de-Lomas-de-Zamo.jpg\" alt=\"\" class=\"wp-image-9102\" width=\"551\" height=\"317\" srcset=\"https:\/\/www.elsindical.com.ar\/notas\/var\/www\/html\/notas\/wp-content\/uploads\/2010\/08\/Tribunales-de-Lomas-de-Zamo.jpg 413w, https:\/\/www.elsindical.com.ar\/notas\/var\/www\/html\/notas\/wp-content\/uploads\/2010\/08\/Tribunales-de-Lomas-de-Zamo-300x172.jpg 300w\" sizes=\"auto, (max-width: 551px) 100vw, 551px\" \/><\/figure><\/div>\n\n\n\n<p>La C\u00e1mara de Senadores de la Provincia de Buenos Aires aprob\u00f3 este jueves por la noche la designaci\u00f3n de 41 jueces y fiscales \u2013 entre ellos, 14 de Lomas de Zamora \u2013 &nbsp;que hab\u00edan sido propuestos por la ex gobernadora Mar\u00eda Eugenia Vidal y que el Poder Ejecutivo hab\u00eda pedido que se retiren, en una sesi\u00f3n en la que el oficialismo se retir\u00f3 del recinto.<\/p>\n\n\n\n<p>De esta manera, fueron aprobados los pliegos de nombramientos como jueces, fiscales y defesores de Lomas de Zamora y Avellaneda-Lan\u00fas de Juan Pablo D\u00b4Onofrio, Marcos S\u00e1nchez Clos, Agustina Mar\u00eda Galczynsky, Ignacio Torrigino, Carolina Zugasti, Silvia G\u00f3mez, Ra\u00fal Arrieta, Tom\u00e1s Prats, Mar\u00eda Silvia Buzzano, Mercedes Dud\u00e1n, Graciela Godoy, Ariel Huarte, Marcela Schellemberg, y&nbsp; Aldana Aguirre.<\/p>\n\n\n\n<p>La aprobaci\u00f3n corri\u00f3 por cuenta de la bancada de Juntos por el Cambio, que cuenta con mayor\u00eda y qu\u00f3rum propio en el Senado, y que impuso ese n\u00famero frente al rechazo del oficialismo, incluso de la vicegobernadora Ver\u00f3nica Magario que tambi\u00e9n se retir\u00f3 del recinto.<\/p>\n\n\n\n<p>Con 26 de los 46 senadores que integran la C\u00e1mara, Juntos por el Cambio aprob\u00f3 los pliegos de 41 cargos para cubrir cargos judiciales originados por la exgobernadora Mar\u00eda Eugenia Vidal entre junio y agosto de 2019.<\/p>\n\n\n\n<p>Esta semana, el ministro de Justicia y Derechos Humanos provincial, Julio Alak, explic\u00f3 en un comunicado que \u201cdado el tiempo transcurrido y la existencia de numerosos hechos sobrevinientes desde su env\u00edo, corresponde que el Senado devuelva los pliegos para que el Ejecutivo reeval\u00fae pormenorizadamente cada uno\u201d.<\/p>\n\n\n\n<p>Alak sostuvo que el art\u00edculo 175 de la Constituci\u00f3n provincial habilita la devoluci\u00f3n de los pliegos requeridos, en tanto faculta al Poder Ejecutivo a designar a los jueces y miembros del Ministerio P\u00fablico de una terna vinculante propuesta por el Consejo de la Magistratura.<\/p>\n\n\n\n<p>El funcionario subray\u00f3 que la posibilidad del Ejecutivo de reexaminar los pliegos enviados al Senado ante hechos sobrevinientes fue \u201cexpresamente reconocida por la Suprema Corte de Justicia de la Provincia en el fallo \u2018Decastelli\u2019\u201d.<\/p>\n\n\n\n<p>En ese sentido, el ministro record\u00f3 que \u201cexisten numerosos antecedentes de devoluciones de pliegos del Senado al Ejecutivo, el m\u00e1s reciente es el pedido efectuado por Vidal a poco de asumir, a trav\u00e9s del responsable de la cartera de Justicia, Carlos Mahiques\u201d.<\/p>\n","protected":false},"excerpt":{"rendered":"<p>La C\u00e1mara de Senadores de la Provincia de Buenos Aires aprob\u00f3 este jueves por la noche la designaci\u00f3n de 41 jueces y fiscales \u2013 entre ellos, 14 de Lomas de Zamora \u2013 &nbsp;que hab\u00edan sido propuestos por la ex gobernadora Mar\u00eda Eugenia Vidal y que el Poder Ejecutivo hab\u00eda pedido que se retiren, en una&hellip;<\/p>\n","protected":false},"author":1,"featured_media":9102,"comment_status":"open","ping_status":"open","sticky":false,"template":"","format":"standard","meta":{"footnotes":""},"categories":[20],"tags":[12418,2450,5885,1056,4078,13476],"class_list":["post-98623","post","type-post","status-publish","format-standard","has-post-thumbnail","hentry","category-judiciales","tag-defensores","tag-diario-el-sindical","tag-fiscales","tag-jueces","tag-nombramientos","tag-tribunales-de-lomas-de-zamora"],"_links":{"self":[{"href":"https:\/\/www.elsindical.com.ar\/notas\/wp-json\/wp\/v2\/posts\/98623","targetHints":{"allow":["GET"]}}],"collection":[{"href":"https:\/\/www.elsindical.com.ar\/notas\/wp-json\/wp\/v2\/posts"}],"about":[{"href":"https:\/\/www.elsindical.com.ar\/notas\/wp-json\/wp\/v2\/types\/post"}],"author":[{"embeddable":true,"href":"https:\/\/www.elsindical.com.ar\/notas\/wp-json\/wp\/v2\/users\/1"}],"replies":[{"embeddable":true,"href":"https:\/\/www.elsindical.com.ar\/notas\/wp-json\/wp\/v2\/comments?post=98623"}],"version-history":[{"count":1,"href":"https:\/\/www.elsindical.com.ar\/notas\/wp-json\/wp\/v2\/posts\/98623\/revisions"}],"predecessor-version":[{"id":98624,"href":"https:\/\/www.elsindical.com.ar\/notas\/wp-json\/wp\/v2\/posts\/98623\/revisions\/98624"}],"wp:featuredmedia":[{"embeddable":true,"href":"https:\/\/www.elsindical.com.ar\/notas\/wp-json\/wp\/v2\/media\/9102"}],"wp:attachment":[{"href":"https:\/\/www.elsindical.com.ar\/notas\/wp-json\/wp\/v2\/media?parent=98623"}],"wp:term":[{"taxonomy":"category","embeddable":true,"href":"https:\/\/www.elsindical.com.ar\/notas\/wp-json\/wp\/v2\/categories?post=98623"},{"taxonomy":"post_tag","embeddable":true,"href":"https:\/\/www.elsindical.com.ar\/notas\/wp-json\/wp\/v2\/tags?post=98623"}],"curies":[{"name":"wp","href":"https:\/\/api.w.org\/{rel}","templated":true}]}}