{"id":98525,"date":"2020-09-07T14:57:56","date_gmt":"2020-09-07T17:57:56","guid":{"rendered":"https:\/\/www.elsindical.com.ar\/notas\/?p=98525"},"modified":"2020-09-07T14:57:59","modified_gmt":"2020-09-07T17:57:59","slug":"la-madre-de-la-mujer-policia-atropellada-en-lanus-critico-la-liberacion-de-uno-de-los-jovenes","status":"publish","type":"post","link":"https:\/\/www.elsindical.com.ar\/notas\/la-madre-de-la-mujer-policia-atropellada-en-lanus-critico-la-liberacion-de-uno-de-los-jovenes\/","title":{"rendered":"La madre de la mujer polic\u00eda atropellada en Lan\u00fas critic\u00f3 la liberaci\u00f3n de uno de los j\u00f3venes"},"content":{"rendered":"\n<figure class=\"wp-block-image size-large\"><img loading=\"lazy\" decoding=\"async\" width=\"745\" height=\"483\" src=\"https:\/\/www.elsindical.com.ar\/notas\/var\/www\/html\/notas\/wp-content\/uploads\/2020\/09\/Julia-Ailin-Valles-de-civil.jpg\" alt=\"\" class=\"wp-image-98526\" srcset=\"https:\/\/www.elsindical.com.ar\/notas\/var\/www\/html\/notas\/wp-content\/uploads\/2020\/09\/Julia-Ailin-Valles-de-civil.jpg 745w, https:\/\/www.elsindical.com.ar\/notas\/var\/www\/html\/notas\/wp-content\/uploads\/2020\/09\/Julia-Ailin-Valles-de-civil-300x194.jpg 300w, https:\/\/www.elsindical.com.ar\/notas\/var\/www\/html\/notas\/wp-content\/uploads\/2020\/09\/Julia-Ailin-Valles-de-civil-463x300.jpg 463w\" sizes=\"auto, (max-width: 745px) 100vw, 745px\" \/><\/figure>\n\n\n\n<p class=\"wp-block-paragraph\">La madre de la oficial de la polic\u00eda que muri\u00f3 tras ser atropellada por dos j\u00f3venes que iban en una moto el s\u00e1bado en el partido bonaerense de Lan\u00fas dijo este lunes que tiene \u201cel coraz\u00f3n roto\u201d y que quiere que la muerte de su hija \u201csea la condena de los desgraciados que le arrebataron la vida\u201d.<\/p>\n\n\n\n<p class=\"wp-block-paragraph\">\u201cNo quiero que la vida de mi hija haya sido en vano, ella dej\u00f3 una nena de dos a\u00f1os y medio y todos sus proyectos\u201d, manifest\u00f3 esta ma\u00f1ana M\u00f3nica Spataro, madre de Julia Ailin Valles (31).<\/p>\n\n\n\n<p class=\"wp-block-paragraph\">En di\u00e1logo con TN, la mujer reclam\u00f3 un cambio en la car\u00e1tula de la causa, que hasta el momento es \u201chomicidio culposo\u201d, y cont\u00f3 que el joven que viajaba en la moto como acompa\u00f1ante ya fue liberado \u201cporque supuestamente no es culpable\u201d, aunque para ella \u201ctambi\u00e9n tiene que estar preso\u201d porque a su hija \u201cno la chocaron sin querer, fueron a embestirla\u201d.<\/p>\n\n\n\n<p class=\"wp-block-paragraph\">\u201cAhora est\u00e1n averiguando los antecedentes, es una burocracia que tarda meses o a\u00f1os, tienen que cambiar las leyes, porque no puede ser que para averiguar los antecedentes de una persona tarden tanto y que los larguen ni bien entran\u201d, agreg\u00f3.<\/p>\n\n\n\n<p class=\"wp-block-paragraph\">La madre de la oficial asegur\u00f3 que tiene el \u201ccoraz\u00f3n destrozado\u201d y pidi\u00f3 \u201cque se haga justicia por ella y por todos los chicos y chicas que mueren y no tienen qui\u00e9n los ayude a que se esclarezcan los hechos\u201d.<\/p>\n\n\n\n<p class=\"wp-block-paragraph\">\u201cA m\u00ed me dejaron sin hija y a mi nieta sin mam\u00e1, que cuando llega pregunta por su mam\u00e1, d\u00f3nde est\u00e1, \u00bfc\u00f3mo le explic\u00e1s que no la va a ver m\u00e1s? Es muy doloroso\u201d, manifest\u00f3.<\/p>\n\n\n\n<p class=\"wp-block-paragraph\">En tanto, cont\u00f3 que si bien \u201cno estaba muy conforme\u201d con la carrera que hab\u00eda elegido su hija porque le \u201cdaba miedo justamente por esto\u201d, ella le planteaba que \u201cle gustaba y amaba lo que hac\u00eda, siempre con vocaci\u00f3n\u201d.<\/p>\n\n\n\n<p class=\"wp-block-paragraph\">\u201cLa apoy\u00e9 cuando me dec\u00eda que le pod\u00eda pasar algo siendo civil igual, y la verdad que es as\u00ed, no tenemos seguridad\u201d, a\u00f1adi\u00f3 la mujer.<\/p>\n\n\n\n<p class=\"wp-block-paragraph\">\u201cElla no ten\u00eda miedo, pero al mismo tiempo ten\u00eda preocupaci\u00f3n porque ve\u00eda todas las injusticias, ella iba hacer un tr\u00e1mite para encerrar a alguien que hab\u00eda robado y el ladr\u00f3n sal\u00eda por una puerta y ella segu\u00eda haciendo papeles, eso le daba bronca e impotencia\u201d, concluy\u00f3.<\/p>\n\n\n\n<p class=\"wp-block-paragraph\">El hecho ocurri\u00f3 el pasado s\u00e1bado, cerca de las 6 de la madrugada, en el cruce de Catamarca y General Hornos, en el mencionado distrito de la zona sur del conurbano, donde estaba apostada Valles en un destacamento para realizar controles vehiculares.<\/p>\n\n\n\n<p class=\"wp-block-paragraph\">En ese momento, la oficial estaba junto a otros tres agentes mientras realizaban un operativo y fue embestida por una Giera Smash con dos ocupantes a bordo, que no respetaron la voz de \u201calto\u201d.<\/p>\n\n\n\n<p class=\"wp-block-paragraph\">La v\u00edctima sufri\u00f3 graves heridas y falleci\u00f3 a los pocos minutos como consecuencia del impacto, pese a las tareas de reanimaci\u00f3n del personal m\u00e9dico que fue alertado inmediatamente por sus compa\u00f1eros.<\/p>\n\n\n\n<p class=\"wp-block-paragraph\">Los j\u00f3venes que iban a bordo de la moto, identificados como Adri\u00e1n Maldonado (28) y Mat\u00edas Rosales (23), quienes sufrieron lesiones leves y no portaban armas de fuego, fueron puestos a disposici\u00f3n del fiscal Sergio Schafer, a cargo de la Unidad Funcional de Instrucci\u00f3n (UFI) 2 descentralizada de Lan\u00fas.<\/p>\n\n\n\n<p class=\"wp-block-paragraph\">Hasta este lunes, los investigadores procuraban determinar si los aprehendidos ten\u00edan antecedentes penales y si quisieron eludir el control policial porque no ten\u00edan el permiso para circular.<\/p>\n","protected":false},"excerpt":{"rendered":"<p>La madre de la oficial de la polic\u00eda que muri\u00f3 tras ser atropellada por dos j\u00f3venes que iban en una moto el s\u00e1bado en el partido bonaerense de Lan\u00fas dijo este lunes que tiene \u201cel coraz\u00f3n roto\u201d y que quiere que la muerte de su hija \u201csea la condena de los desgraciados que le arrebataron&hellip;<\/p>\n","protected":false},"author":1,"featured_media":98526,"comment_status":"open","ping_status":"open","sticky":false,"template":"","format":"standard","meta":{"footnotes":""},"categories":[25],"tags":[2450,33499,209,33500,3540],"class_list":["post-98525","post","type-post","status-publish","format-standard","has-post-thumbnail","hentry","category-sociedad","tag-diario-el-sindical","tag-julia-ailin-valles","tag-lanus","tag-monica-spataro","tag-oficial-de-policia"],"_links":{"self":[{"href":"https:\/\/www.elsindical.com.ar\/notas\/wp-json\/wp\/v2\/posts\/98525","targetHints":{"allow":["GET"]}}],"collection":[{"href":"https:\/\/www.elsindical.com.ar\/notas\/wp-json\/wp\/v2\/posts"}],"about":[{"href":"https:\/\/www.elsindical.com.ar\/notas\/wp-json\/wp\/v2\/types\/post"}],"author":[{"embeddable":true,"href":"https:\/\/www.elsindical.com.ar\/notas\/wp-json\/wp\/v2\/users\/1"}],"replies":[{"embeddable":true,"href":"https:\/\/www.elsindical.com.ar\/notas\/wp-json\/wp\/v2\/comments?post=98525"}],"version-history":[{"count":1,"href":"https:\/\/www.elsindical.com.ar\/notas\/wp-json\/wp\/v2\/posts\/98525\/revisions"}],"predecessor-version":[{"id":98527,"href":"https:\/\/www.elsindical.com.ar\/notas\/wp-json\/wp\/v2\/posts\/98525\/revisions\/98527"}],"wp:featuredmedia":[{"embeddable":true,"href":"https:\/\/www.elsindical.com.ar\/notas\/wp-json\/wp\/v2\/media\/98526"}],"wp:attachment":[{"href":"https:\/\/www.elsindical.com.ar\/notas\/wp-json\/wp\/v2\/media?parent=98525"}],"wp:term":[{"taxonomy":"category","embeddable":true,"href":"https:\/\/www.elsindical.com.ar\/notas\/wp-json\/wp\/v2\/categories?post=98525"},{"taxonomy":"post_tag","embeddable":true,"href":"https:\/\/www.elsindical.com.ar\/notas\/wp-json\/wp\/v2\/tags?post=98525"}],"curies":[{"name":"wp","href":"https:\/\/api.w.org\/{rel}","templated":true}]}}