{"id":98466,"date":"2020-09-04T02:15:04","date_gmt":"2020-09-04T05:15:04","guid":{"rendered":"https:\/\/www.elsindical.com.ar\/notas\/?p=98466"},"modified":"2020-09-04T02:15:07","modified_gmt":"2020-09-04T05:15:07","slug":"la-justicia-dictamino-que-el-protocolo-para-las-sesiones-remotas-se-encuentra-plenamente-vigente","status":"publish","type":"post","link":"https:\/\/www.elsindical.com.ar\/notas\/la-justicia-dictamino-que-el-protocolo-para-las-sesiones-remotas-se-encuentra-plenamente-vigente\/","title":{"rendered":"La Justicia dictamin\u00f3 que el protocolo para las sesiones remotas se encuentra plenamente vigente"},"content":{"rendered":"\n<figure class=\"wp-block-image size-large\"><img loading=\"lazy\" decoding=\"async\" width=\"960\" height=\"640\" src=\"https:\/\/www.elsindical.com.ar\/notas\/var\/www\/html\/notas\/wp-content\/uploads\/2020\/09\/Camra-de-diputados-2020.jpg\" alt=\"\" class=\"wp-image-98467\" srcset=\"https:\/\/www.elsindical.com.ar\/notas\/var\/www\/html\/notas\/wp-content\/uploads\/2020\/09\/Camra-de-diputados-2020.jpg 960w, https:\/\/www.elsindical.com.ar\/notas\/var\/www\/html\/notas\/wp-content\/uploads\/2020\/09\/Camra-de-diputados-2020-300x200.jpg 300w, https:\/\/www.elsindical.com.ar\/notas\/var\/www\/html\/notas\/wp-content\/uploads\/2020\/09\/Camra-de-diputados-2020-768x512.jpg 768w, https:\/\/www.elsindical.com.ar\/notas\/var\/www\/html\/notas\/wp-content\/uploads\/2020\/09\/Camra-de-diputados-2020-450x300.jpg 450w\" sizes=\"auto, (max-width: 960px) 100vw, 960px\" \/><\/figure>\n\n\n\n<p class=\"wp-block-paragraph\">De esta manera, la Justicia declar\u00f3 inoficioso el recurso en el amparo de M\u00f3nica Frade.<\/p>\n\n\n\n<p class=\"wp-block-paragraph\">Este&nbsp;jueves 3 de septiembre, la sala 4 de la <strong>C\u00e1mara Contencioso Administrativo Federal declar\u00f3 inoficioso<\/strong> pronunciarse sobre <strong>el recurso interpuesto por la diputada M\u00f3nica Frade.<\/strong><\/p>\n\n\n\n<p class=\"wp-block-paragraph\">De esta manera, q<strong>ueda firme el rechazo in limine del d\u00eda 8 de junio del amparo presentado por la propia Frade<\/strong>, dispuesto por el Juzgado Contencioso Federal N12.<\/p>\n\n\n\n<p class=\"wp-block-paragraph\">En consecuencia, el Protocolo de Funcionamiento Parlamentario Remoto, aprobado por la C\u00e1mara en sesi\u00f3n del 13 de mayo y prorrogado por acta de labor parlamentaria del d\u00eda 2 de julio y 1ro de septiembre, se encuentra plenamente vigente.<\/p>\n\n\n\n<p class=\"wp-block-paragraph\">Se adjuntan fallo de Primera Instancia y de C\u00e1mara completos y las actas originales de labor parlamentaria.<\/p>\n\n\n\n<p class=\"wp-block-paragraph\">Eduardo Cergnul<br>Secretario Parlamentario<\/p>\n\n\n\n<p class=\"wp-block-paragraph\">Rodrigo Rodr\u00edguez<br>Secretario Administrativo<\/p>\n\n\n\n<p class=\"wp-block-paragraph\">Juan Manuel Cheppi<br>Secretario General<\/p>\n\n\n\n<figure class=\"wp-block-image size-large\"><img loading=\"lazy\" decoding=\"async\" width=\"746\" height=\"1024\" src=\"https:\/\/www.elsindical.com.ar\/notas\/var\/www\/html\/notas\/wp-content\/uploads\/2020\/09\/459394-746x1024.jpg\" alt=\"\" class=\"wp-image-98468\" srcset=\"https:\/\/www.elsindical.com.ar\/notas\/var\/www\/html\/notas\/wp-content\/uploads\/2020\/09\/459394-746x1024.jpg 746w, https:\/\/www.elsindical.com.ar\/notas\/var\/www\/html\/notas\/wp-content\/uploads\/2020\/09\/459394-218x300.jpg 218w, https:\/\/www.elsindical.com.ar\/notas\/var\/www\/html\/notas\/wp-content\/uploads\/2020\/09\/459394-768x1055.jpg 768w, https:\/\/www.elsindical.com.ar\/notas\/var\/www\/html\/notas\/wp-content\/uploads\/2020\/09\/459394.jpg 932w\" sizes=\"auto, (max-width: 746px) 100vw, 746px\" \/><\/figure>\n","protected":false},"excerpt":{"rendered":"<p>De esta manera, la Justicia declar\u00f3 inoficioso el recurso en el amparo de M\u00f3nica Frade. Este&nbsp;jueves 3 de septiembre, la sala 4 de la C\u00e1mara Contencioso Administrativo Federal declar\u00f3 inoficioso pronunciarse sobre el recurso interpuesto por la diputada M\u00f3nica Frade. De esta manera, queda firme el rechazo in limine del d\u00eda 8 de junio del&hellip;<\/p>\n","protected":false},"author":1,"featured_media":98467,"comment_status":"open","ping_status":"open","sticky":false,"template":"","format":"standard","meta":{"footnotes":""},"categories":[20],"tags":[33491,2450,41,30855,17844],"class_list":["post-98466","post","type-post","status-publish","format-standard","has-post-thumbnail","hentry","category-judiciales","tag-camara-contencioso-administrativo-federal","tag-diario-el-sindical","tag-justicia","tag-monica-frade","tag-protocolo"],"_links":{"self":[{"href":"https:\/\/www.elsindical.com.ar\/notas\/wp-json\/wp\/v2\/posts\/98466","targetHints":{"allow":["GET"]}}],"collection":[{"href":"https:\/\/www.elsindical.com.ar\/notas\/wp-json\/wp\/v2\/posts"}],"about":[{"href":"https:\/\/www.elsindical.com.ar\/notas\/wp-json\/wp\/v2\/types\/post"}],"author":[{"embeddable":true,"href":"https:\/\/www.elsindical.com.ar\/notas\/wp-json\/wp\/v2\/users\/1"}],"replies":[{"embeddable":true,"href":"https:\/\/www.elsindical.com.ar\/notas\/wp-json\/wp\/v2\/comments?post=98466"}],"version-history":[{"count":1,"href":"https:\/\/www.elsindical.com.ar\/notas\/wp-json\/wp\/v2\/posts\/98466\/revisions"}],"predecessor-version":[{"id":98469,"href":"https:\/\/www.elsindical.com.ar\/notas\/wp-json\/wp\/v2\/posts\/98466\/revisions\/98469"}],"wp:featuredmedia":[{"embeddable":true,"href":"https:\/\/www.elsindical.com.ar\/notas\/wp-json\/wp\/v2\/media\/98467"}],"wp:attachment":[{"href":"https:\/\/www.elsindical.com.ar\/notas\/wp-json\/wp\/v2\/media?parent=98466"}],"wp:term":[{"taxonomy":"category","embeddable":true,"href":"https:\/\/www.elsindical.com.ar\/notas\/wp-json\/wp\/v2\/categories?post=98466"},{"taxonomy":"post_tag","embeddable":true,"href":"https:\/\/www.elsindical.com.ar\/notas\/wp-json\/wp\/v2\/tags?post=98466"}],"curies":[{"name":"wp","href":"https:\/\/api.w.org\/{rel}","templated":true}]}}