{"id":98408,"date":"2020-09-03T03:14:49","date_gmt":"2020-09-03T06:14:49","guid":{"rendered":"https:\/\/www.elsindical.com.ar\/notas\/?p=98408"},"modified":"2020-09-03T03:14:50","modified_gmt":"2020-09-03T06:14:50","slug":"convocan-a-examen-de-idoneidad-para-aspirantes-a-ingresar-en-el-departamento-judicial-avellaneda-lanus","status":"publish","type":"post","link":"https:\/\/www.elsindical.com.ar\/notas\/convocan-a-examen-de-idoneidad-para-aspirantes-a-ingresar-en-el-departamento-judicial-avellaneda-lanus\/","title":{"rendered":"Convocan a examen de idoneidad para aspirantes a ingresar en el Departamento Judicial Avellaneda-Lan\u00fas"},"content":{"rendered":"\n<figure class=\"wp-block-image size-large\"><img loading=\"lazy\" decoding=\"async\" width=\"800\" height=\"600\" src=\"https:\/\/www.elsindical.com.ar\/notas\/var\/www\/html\/notas\/wp-content\/uploads\/2019\/12\/Suprema-Corte-Bonaerense.jpg\" alt=\"\" class=\"wp-image-92094\" srcset=\"https:\/\/www.elsindical.com.ar\/notas\/var\/www\/html\/notas\/wp-content\/uploads\/2019\/12\/Suprema-Corte-Bonaerense.jpg 800w, https:\/\/www.elsindical.com.ar\/notas\/var\/www\/html\/notas\/wp-content\/uploads\/2019\/12\/Suprema-Corte-Bonaerense-300x225.jpg 300w, https:\/\/www.elsindical.com.ar\/notas\/var\/www\/html\/notas\/wp-content\/uploads\/2019\/12\/Suprema-Corte-Bonaerense-768x576.jpg 768w, https:\/\/www.elsindical.com.ar\/notas\/var\/www\/html\/notas\/wp-content\/uploads\/2019\/12\/Suprema-Corte-Bonaerense-400x300.jpg 400w\" sizes=\"auto, (max-width: 800px) 100vw, 800px\" \/><\/figure>\n\n\n\n<p class=\"wp-block-paragraph\">La Suprema Corte de Justicia de la provincia de Buenos Aires dispuso convocar a un examen de idoneidad para aspirantes a ingresar en el agrupamiento administrativo del Departamento Judicial Avellaneda-Lan\u00fas.<\/p>\n\n\n\n<p class=\"wp-block-paragraph\">La inscripci\u00f3n est\u00e1 abierta\u00a0hasta el 9 de septiembre de 2020. Los requisitos son:<\/p>\n\n\n\n<p class=\"wp-block-paragraph\"><strong>&#8211; Ser mayor de 18 a\u00f1os al momento de la inscripci\u00f3n.<\/strong><\/p>\n\n\n\n<p class=\"wp-block-paragraph\"><strong>&#8211; Tener estudios secundarios completos certificados.<\/strong><\/p>\n\n\n\n<p class=\"wp-block-paragraph\"><strong>&#8211; Acreditar domicilio en el partido en el que se inscribe (Avellaneda o Lan\u00fas) con anterioridad al 5 de agosto de 2020.<\/strong><\/p>\n\n\n\n<p class=\"wp-block-paragraph\">Para formalizar la inscripci\u00f3n, se deber\u00e1 ingresar al enlace <a href=\"http:\/\/examendeidoneidad.scba.gov.ar\">examendeidoneidad.scba.gov.ar<\/a>, que estar\u00e1 habilitado a partir del 1\u00ba de septiembre. All\u00ed se deber\u00e1n completar los campos solicitados, adjuntar copia del DNI y del certificado o anal\u00edtico de estudios secundarios completos. La evaluaci\u00f3n se desarrollar\u00e1 por la plataforma virtual del Instituto de Estudios Judiciales a partir del 28 de septiembre.<\/p>\n\n\n\n<p class=\"wp-block-paragraph\">Asimismo, desde la Suprema Corte aclararon que el examen constituye la primera instancia de evaluaci\u00f3n y no garantiza el ingreso al Poder Judicial. Sin embargo, quienes lo aprueben pasar\u00e1n a formar parte de un listado de aspirantes en condiciones de ser convocados a una segunda etapa evaluativa. Los abogados y estudiantes avanzados de Derecho quedan exceptuados de rendir esta primera instancia del Examen de Idoneidad.<\/p>\n\n\n\n<p class=\"wp-block-paragraph\">El m\u00e1ximo tribunal dispuso que ante dudas o consultas se deber\u00e1 escribir un correo electr\u00f3nico a la siguiente direcci\u00f3n: <a href=\"mailto:examendeidoneidad@scba.gov.ar.\"><\/a><a href=\"mailto:examendeidoneidad@scba.gov.ar\">examendeidoneidad@scba.gov.ar<\/a>.<\/p>\n","protected":false},"excerpt":{"rendered":"<p>La Suprema Corte de Justicia de la provincia de Buenos Aires dispuso convocar a un examen de idoneidad para aspirantes a ingresar en el agrupamiento administrativo del Departamento Judicial Avellaneda-Lan\u00fas. La inscripci\u00f3n est\u00e1 abierta\u00a0hasta el 9 de septiembre de 2020. Los requisitos son: &#8211; Ser mayor de 18 a\u00f1os al momento de la inscripci\u00f3n. &#8211;&hellip;<\/p>\n","protected":false},"author":1,"featured_media":92094,"comment_status":"open","ping_status":"open","sticky":false,"template":"","format":"standard","meta":{"footnotes":""},"categories":[20],"tags":[10731,3258,21084],"class_list":["post-98408","post","type-post","status-publish","format-standard","has-post-thumbnail","hentry","category-judiciales","tag-departamento-judicial-avellaneda-lanus","tag-empleados-judiciales","tag-inscripciones"],"_links":{"self":[{"href":"https:\/\/www.elsindical.com.ar\/notas\/wp-json\/wp\/v2\/posts\/98408","targetHints":{"allow":["GET"]}}],"collection":[{"href":"https:\/\/www.elsindical.com.ar\/notas\/wp-json\/wp\/v2\/posts"}],"about":[{"href":"https:\/\/www.elsindical.com.ar\/notas\/wp-json\/wp\/v2\/types\/post"}],"author":[{"embeddable":true,"href":"https:\/\/www.elsindical.com.ar\/notas\/wp-json\/wp\/v2\/users\/1"}],"replies":[{"embeddable":true,"href":"https:\/\/www.elsindical.com.ar\/notas\/wp-json\/wp\/v2\/comments?post=98408"}],"version-history":[{"count":1,"href":"https:\/\/www.elsindical.com.ar\/notas\/wp-json\/wp\/v2\/posts\/98408\/revisions"}],"predecessor-version":[{"id":98409,"href":"https:\/\/www.elsindical.com.ar\/notas\/wp-json\/wp\/v2\/posts\/98408\/revisions\/98409"}],"wp:featuredmedia":[{"embeddable":true,"href":"https:\/\/www.elsindical.com.ar\/notas\/wp-json\/wp\/v2\/media\/92094"}],"wp:attachment":[{"href":"https:\/\/www.elsindical.com.ar\/notas\/wp-json\/wp\/v2\/media?parent=98408"}],"wp:term":[{"taxonomy":"category","embeddable":true,"href":"https:\/\/www.elsindical.com.ar\/notas\/wp-json\/wp\/v2\/categories?post=98408"},{"taxonomy":"post_tag","embeddable":true,"href":"https:\/\/www.elsindical.com.ar\/notas\/wp-json\/wp\/v2\/tags?post=98408"}],"curies":[{"name":"wp","href":"https:\/\/api.w.org\/{rel}","templated":true}]}}