{"id":9818,"date":"2010-09-26T10:20:40","date_gmt":"2010-09-26T13:20:40","guid":{"rendered":"http:\/\/www.elsindical.com.ar\/notas\/?p=9818"},"modified":"2010-09-26T10:20:40","modified_gmt":"2010-09-26T13:20:40","slug":"villa-fioritopolicia-federal-mata-a-dos-delincuentes","status":"publish","type":"post","link":"https:\/\/www.elsindical.com.ar\/notas\/villa-fioritopolicia-federal-mata-a-dos-delincuentes\/","title":{"rendered":"Villa Fiorito:Polic\u00eda federal mata a dos delincuentes"},"content":{"rendered":"<p style=\"text-align: justify;\"><em><a href=\"http:\/\/www.elsindical.com.ar\/notas\/var\/www\/html\/notas\/wp-content\/uploads\/2010\/07\/disparo-pistola.jpg\"><img loading=\"lazy\" decoding=\"async\" class=\"alignleft size-full wp-image-7924\" title=\"disparo-pistola\" src=\"http:\/\/www.elsindical.com.ar\/notas\/var\/www\/html\/notas\/wp-content\/uploads\/2010\/07\/disparo-pistola.jpg\" alt=\"\" width=\"227\" height=\"191\" \/><\/a>Un agente de la Polic\u00eda Federal, que desarrolla labores de seguridad en la Casa Rosada, mat\u00f3 a balazos, en un tiroteo, a los 2 marginales que pretendieron robarle la moto en la que se desplazaba, en un cruento suceso registrado ayer, en la localidad bonaerense de Villa Fiorito, en el partido de Lomas de Zamora.<\/em><\/p>\n<p style=\"text-align: justify;\">Los voceros revelaron que este hecho se produjo a la 1.50 de la v\u00edspera, cuando el agente <strong>Maximiliano Ledesma<\/strong> arrib\u00f3, a bordo de una motocicleta, a la finca de su novia, situada en el cruce de P\u00edo Baroja y Recondo.<\/p>\n<p style=\"text-align: justify;\">Trascendi\u00f3 que, en estas circunstancias, aparecieron en escena 2 individuos armados, que amenazaron al funcionario con fines de robo. Ledesma, que se hallaba franco de servicio y vestido de civil, se identific\u00f3 r\u00e1pidamente como efectivo policial, imparti\u00e9ndoles la voz de alto a los delincuentes, luego de extraer su pistola reglamentaria 9 mil\u00edmetros.<\/p>\n<p style=\"text-align: justify;\">Se origin\u00f3 entonces un breve tiroteo, que acab\u00f3 con la muerte de los ladrones, que ten\u00edan 24 y 18 a\u00f1os. Los hampones resid\u00edan en esa zona, en el sur del conurbano provincial. Ledesma sali\u00f3 ileso. Los informantes manifestaron que uno de esos sujetos recibi\u00f3 3 balazos, mientras que su c\u00f3mplice perdi\u00f3 la vida al ser alcanzado por sendos disparos. A los fallecidos, cuyas identidades se mantienen en reserva por motivos legales, se les incaut\u00f3 una pistola Glock 40.<\/p>\n<p style=\"text-align: justify;\">Ledesma efect\u00faa en la actualidad tareas en dependencias de la Casa Rosada, en la Capital Federal, pero se afirma que los marginales ignoraban, por completo, la condici\u00f3n de efectivo policial de la v\u00edctima que hab\u00edan elegido para despojar del rodado. Intervino en la causa el doctor Juan Jos\u00e9 Vaello, fiscal en turno de la Unidad N\u00ba 5 de Lomas de Zamora.<\/p>\n","protected":false},"excerpt":{"rendered":"<p>Un agente de la Polic\u00eda Federal, que desarrolla labores de seguridad en la Casa Rosada, mat\u00f3 a balazos, en un tiroteo, a los 2 marginales que pretendieron robarle la moto en la que se desplazaba, en un cruento suceso registrado ayer, en la localidad bonaerense de Villa Fiorito, en el partido de Lomas de Zamora.&hellip;<\/p>\n","protected":false},"author":1,"featured_media":0,"comment_status":"open","ping_status":"open","sticky":false,"template":"","format":"standard","meta":{"footnotes":""},"categories":[22],"tags":[581,744,2516,502,4292],"class_list":["post-9818","post","type-post","status-publish","format-standard","hentry","category-policiales","tag-delincuentes","tag-lomas-de-zamora","tag-moto","tag-policia-federal-argentina","tag-villa-fiorito"],"_links":{"self":[{"href":"https:\/\/www.elsindical.com.ar\/notas\/wp-json\/wp\/v2\/posts\/9818","targetHints":{"allow":["GET"]}}],"collection":[{"href":"https:\/\/www.elsindical.com.ar\/notas\/wp-json\/wp\/v2\/posts"}],"about":[{"href":"https:\/\/www.elsindical.com.ar\/notas\/wp-json\/wp\/v2\/types\/post"}],"author":[{"embeddable":true,"href":"https:\/\/www.elsindical.com.ar\/notas\/wp-json\/wp\/v2\/users\/1"}],"replies":[{"embeddable":true,"href":"https:\/\/www.elsindical.com.ar\/notas\/wp-json\/wp\/v2\/comments?post=9818"}],"version-history":[{"count":1,"href":"https:\/\/www.elsindical.com.ar\/notas\/wp-json\/wp\/v2\/posts\/9818\/revisions"}],"predecessor-version":[{"id":9819,"href":"https:\/\/www.elsindical.com.ar\/notas\/wp-json\/wp\/v2\/posts\/9818\/revisions\/9819"}],"wp:attachment":[{"href":"https:\/\/www.elsindical.com.ar\/notas\/wp-json\/wp\/v2\/media?parent=9818"}],"wp:term":[{"taxonomy":"category","embeddable":true,"href":"https:\/\/www.elsindical.com.ar\/notas\/wp-json\/wp\/v2\/categories?post=9818"},{"taxonomy":"post_tag","embeddable":true,"href":"https:\/\/www.elsindical.com.ar\/notas\/wp-json\/wp\/v2\/tags?post=9818"}],"curies":[{"name":"wp","href":"https:\/\/api.w.org\/{rel}","templated":true}]}}