{"id":98042,"date":"2020-08-20T16:28:48","date_gmt":"2020-08-20T19:28:48","guid":{"rendered":"http:\/\/www.elsindical.com.ar\/notas\/?p=98042"},"modified":"2020-08-20T16:29:44","modified_gmt":"2020-08-20T19:29:44","slug":"quilmes-allanaron-la-casa-del-delegado-municipal-del-barrio-iapi-y-aprehendieron-al-hijo-por-varios-delitos","status":"publish","type":"post","link":"https:\/\/www.elsindical.com.ar\/notas\/quilmes-allanaron-la-casa-del-delegado-municipal-del-barrio-iapi-y-aprehendieron-al-hijo-por-varios-delitos\/","title":{"rendered":"Quilmes: allanaron la casa del delegado municipal del barrio IAPI y aprehendieron al hijo por varios delitos"},"content":{"rendered":"\n<figure class=\"wp-block-image size-large\"><img loading=\"lazy\" decoding=\"async\" width=\"575\" height=\"299\" src=\"http:\/\/www.elsindical.com.ar\/notas\/var\/www\/html\/notas\/wp-content\/uploads\/2020\/08\/comisaria-7ma-Quilmes.jpeg\" alt=\"\" class=\"wp-image-98043\" srcset=\"https:\/\/www.elsindical.com.ar\/notas\/var\/www\/html\/notas\/wp-content\/uploads\/2020\/08\/comisaria-7ma-Quilmes.jpeg 575w, https:\/\/www.elsindical.com.ar\/notas\/var\/www\/html\/notas\/wp-content\/uploads\/2020\/08\/comisaria-7ma-Quilmes-300x156.jpeg 300w, https:\/\/www.elsindical.com.ar\/notas\/var\/www\/html\/notas\/wp-content\/uploads\/2020\/08\/comisaria-7ma-Quilmes-500x260.jpeg 500w\" sizes=\"auto, (max-width: 575px) 100vw, 575px\" \/><\/figure>\n\n\n\n<p>La casa del delegado municipal del barrio IAPI en Quilmes fue allanada en las \u00faltimas horas y uno de sus hijos fue aprehendido, informaron fuentes policiales.<\/p>\n\n\n\n<p>Se trata de Juan Carlos Fern\u00e1ndez, uno de los principales colaboradores del concejal oficialista Ariel \u201cLula\u201d G\u00f3mez, referente del barrio IAPI. <\/p>\n\n\n\n<p>Las primeras versiones se\u00f1alaron que el allanamiento se produjo anoche, mientras que vecinos del lugar confirmaron la presencia de numerosos polic\u00edas. Pese al cerrado hermetismo en la causa, trascendi\u00f3 que el procedimiento lo realiz\u00f3 la DDI de Avellaneda-Lan\u00fas con la participaci\u00f3n de la Polic\u00eda Federal, aunque desde prensa de la PFA, desconoc\u00edan hasta el momento participaci\u00f3n de efectivos de esa fuerza, en un causa por supuesto \u201csecuestros extorsivo\u201d.<\/p>\n\n\n\n<p>Por ahora desde el Municipio de Quilmes se\u00f1alan \u201cno tener informaci\u00f3n al respecto\u201d pero el barrio IAPI est\u00e1 convulsionado por el procedimiento policial.<\/p>\n\n\n\n<p>Esta ma\u00f1ana el delegado no concurri\u00f3 a su lugar de trabajo y la camioneta municipal en la cual se moviliza estaba frente a la seccional s\u00e9ptima, aunque al mediod\u00eda fuer retirada de all\u00ed.<\/p>\n\n\n\n<p>Solo se pudo certificar que existe una investigaci\u00f3n por dos robos cometidos en el partido de Avellaneda y que algunos de los celulares robados, fueron utilizados por la banda para cometer otros delitos.<\/p>\n","protected":false},"excerpt":{"rendered":"<p>La casa del delegado municipal del barrio IAPI en Quilmes fue allanada en las \u00faltimas horas y uno de sus hijos fue aprehendido, informaron fuentes policiales. Se trata de Juan Carlos Fern\u00e1ndez, uno de los principales colaboradores del concejal oficialista Ariel \u201cLula\u201d G\u00f3mez, referente del barrio IAPI. Las primeras versiones se\u00f1alaron que el allanamiento se&hellip;<\/p>\n","protected":false},"author":1,"featured_media":98043,"comment_status":"open","ping_status":"open","sticky":false,"template":"","format":"standard","meta":{"footnotes":""},"categories":[22],"tags":[138,33429,33427,33428,2450,6174,684,1174],"class_list":["post-98042","post","type-post","status-publish","format-standard","has-post-thumbnail","hentry","category-policiales","tag-allanamiento","tag-ariel-lula-gomez","tag-barrio-iapi","tag-delegado-municipal","tag-diario-el-sindical","tag-juan-carlos-fernandez","tag-quilmes","tag-robos"],"_links":{"self":[{"href":"https:\/\/www.elsindical.com.ar\/notas\/wp-json\/wp\/v2\/posts\/98042","targetHints":{"allow":["GET"]}}],"collection":[{"href":"https:\/\/www.elsindical.com.ar\/notas\/wp-json\/wp\/v2\/posts"}],"about":[{"href":"https:\/\/www.elsindical.com.ar\/notas\/wp-json\/wp\/v2\/types\/post"}],"author":[{"embeddable":true,"href":"https:\/\/www.elsindical.com.ar\/notas\/wp-json\/wp\/v2\/users\/1"}],"replies":[{"embeddable":true,"href":"https:\/\/www.elsindical.com.ar\/notas\/wp-json\/wp\/v2\/comments?post=98042"}],"version-history":[{"count":1,"href":"https:\/\/www.elsindical.com.ar\/notas\/wp-json\/wp\/v2\/posts\/98042\/revisions"}],"predecessor-version":[{"id":98044,"href":"https:\/\/www.elsindical.com.ar\/notas\/wp-json\/wp\/v2\/posts\/98042\/revisions\/98044"}],"wp:featuredmedia":[{"embeddable":true,"href":"https:\/\/www.elsindical.com.ar\/notas\/wp-json\/wp\/v2\/media\/98043"}],"wp:attachment":[{"href":"https:\/\/www.elsindical.com.ar\/notas\/wp-json\/wp\/v2\/media?parent=98042"}],"wp:term":[{"taxonomy":"category","embeddable":true,"href":"https:\/\/www.elsindical.com.ar\/notas\/wp-json\/wp\/v2\/categories?post=98042"},{"taxonomy":"post_tag","embeddable":true,"href":"https:\/\/www.elsindical.com.ar\/notas\/wp-json\/wp\/v2\/tags?post=98042"}],"curies":[{"name":"wp","href":"https:\/\/api.w.org\/{rel}","templated":true}]}}