{"id":98039,"date":"2020-08-20T02:04:36","date_gmt":"2020-08-20T05:04:36","guid":{"rendered":"http:\/\/www.elsindical.com.ar\/notas\/?p=98039"},"modified":"2020-08-20T02:04:36","modified_gmt":"2020-08-20T05:04:36","slug":"asociacion-judicial-bonaerense-la-corte-debe-separar-a-fernandez-garello-del-cargo","status":"publish","type":"post","link":"https:\/\/www.elsindical.com.ar\/notas\/asociacion-judicial-bonaerense-la-corte-debe-separar-a-fernandez-garello-del-cargo\/","title":{"rendered":"Asociaci\u00f3n Judicial Bonaerense: \u201cLa Corte debe separar a Fern\u00e1ndez Garello del cargo\u201d"},"content":{"rendered":"\n<figure class=\"wp-block-image size-large\"><img loading=\"lazy\" decoding=\"async\" width=\"600\" height=\"271\" src=\"http:\/\/www.elsindical.com.ar\/notas\/var\/www\/html\/notas\/wp-content\/uploads\/2020\/08\/Garello-2B.jpg\" alt=\"\" class=\"wp-image-98040\" srcset=\"https:\/\/www.elsindical.com.ar\/notas\/var\/www\/html\/notas\/wp-content\/uploads\/2020\/08\/Garello-2B.jpg 600w, https:\/\/www.elsindical.com.ar\/notas\/var\/www\/html\/notas\/wp-content\/uploads\/2020\/08\/Garello-2B-300x136.jpg 300w, https:\/\/www.elsindical.com.ar\/notas\/var\/www\/html\/notas\/wp-content\/uploads\/2020\/08\/Garello-2B-500x226.jpg 500w\" sizes=\"auto, (max-width: 600px) 100vw, 600px\" \/><\/figure>\n\n\n\n<p><strong>La AJB y la Federaci\u00f3n Judicial Argentina realizaron una presentaci\u00f3n conjunta ante la Suprema Corte reclamando se disponga licencia compulsiva al Fiscal General de Mar del Plata.<\/strong><\/p>\n\n\n\n<p>En la presentaci\u00f3n realizada a la Suprema Corte de la Provincia de Buenos Aires, la Federaci\u00f3n Judicial Argentina y la Asociaci\u00f3n Judicial Bonaerense peticionaron al m\u00e1ximo Tribunal que a trav\u00e9s de las facultades que otorga el art. 29 bis de la ley 13.661, disponga el licenciamiento compulsivo del fiscal general del Departamento Judicial de Mar del Plata, Fabi\u00e1n Fern\u00e1ndez Garello, en raz\u00f3n de encontrarse procesado por la comisi\u00f3n de delitos de lesa humanidad perpetrados durante la \u00faltima dictadura c\u00edvico-militar.<\/p>\n\n\n\n<p>\u201cLa FJA y la AJB consideran que la permanencia en funciones de Fern\u00e1ndez Garello al frente de la m\u00e1xima jefatura del Ministerio P\u00fablico del Departamento Judicial de Mar del Plata pone en crisis la credibilidad del pueblo en la magistratura y erosiona la legitimidad pol\u00edtica y moral del Poder Judicial, que constituye uno de los pilares fundamentales de la consolidaci\u00f3n del estado democr\u00e1tico de derecho; razones por las cuales consideramos prudente separarlo del ejercicio de su cargo por el tiempo que demande su juzgamiento en sede penal federal\u201d, expresaron en la presentaci\u00f3n Hugo Blasco y Pablo Abramovich, secretarios generales de la FJA y la AJB, respectivamente.<\/p>\n\n\n\n<p>\u201cLa Corte ya ha fijado criterio frente a situaciones jur\u00eddicamente graves e institucionalmente trascendentes, semejantes a las del caso Fern\u00e1ndez Garello. Ahora debe tomar la decisi\u00f3n pol\u00edtica de licenciarlo y dar un mensaje claro a la sociedad sobre el compromiso del Poder Judicial con el fortalecimiento de la democracia\u201d, finalizaron.<\/p>\n\n\n\n<p>En la presentaci\u00f3n se resalt\u00f3 que la Suprema Corte ha venido resolviendo el licenciamiento de magistrados y magistradas procesados por delitos comunes en cuanto que la gravedad de los hechos investigados y la trascendencia institucional de dichas circunstancias constitu\u00edan una afectaci\u00f3n a la recta administraci\u00f3n de justicia, por lo que en el caso de Fern\u00e1ndez Garello su licenciamiento se encuentra sobradamente justificado, ya que el procesamiento -en etapa de elevaci\u00f3n a juicio- involucra la comisi\u00f3n de delitos de lesa humanidad. De acuerdo a la propia valoraci\u00f3n de la Corte Suprema de la Naci\u00f3n, estos delitos son calificados de esa manera por la magnitud, organicidad y sistematicidad de los cr\u00edmenes cometidos al amparo del estado terrorista, que expresan el estadio m\u00e1s degradado en que ha ca\u00eddo la naturaleza humana.<\/p>\n\n\n\n<p>Cabe recordar que el Juzgado Federal en lo Criminal y Correccional N\u00b0 2 de San Mart\u00edn a cargo de Alicia Vence, el d\u00eda 12 de abril del 2019 proces\u00f3 sin prisi\u00f3n preventiva a Fern\u00e1ndez Garello en la causa caratulada \u201cBulacios, Jorge Oscar s\/ Denuncia\u201d por la comisi\u00f3n de los delitos de allanamiento ilegal -tres hechos-; privaci\u00f3n ilegal de la libertad cometida por abuso funcional y doblemente agravada por violencia y amenazas -tres hechos, victs. Jorge Oscar Bulacios, Ernesto Ram\u00f3n Duarte y Jos\u00e9 Rolando Seitor-; e imposici\u00f3n de tormentos agravados por ser la v\u00edctima un perseguido pol\u00edtico -tres hechos, victs. Jorge Oscar Bulacios, Ernesto Ram\u00f3n Duarte y Jos\u00e9 Rolando Seitor-, en concurso real. Dicha decisi\u00f3n fue confirmada el 25 de noviembre del 2019 por la Sala 1 de la C\u00e1mara Federal de San Mart\u00edn, y recientemente la magistrada dispuso la elevaci\u00f3n a juicio oral y p\u00fablico de dicha causa en orden a los rese\u00f1ados il\u00edcitos.<\/p>\n","protected":false},"excerpt":{"rendered":"<p>La AJB y la Federaci\u00f3n Judicial Argentina realizaron una presentaci\u00f3n conjunta ante la Suprema Corte reclamando se disponga licencia compulsiva al Fiscal General de Mar del Plata. En la presentaci\u00f3n realizada a la Suprema Corte de la Provincia de Buenos Aires, la Federaci\u00f3n Judicial Argentina y la Asociaci\u00f3n Judicial Bonaerense peticionaron al m\u00e1ximo Tribunal que&hellip;<\/p>\n","protected":false},"author":1,"featured_media":98040,"comment_status":"open","ping_status":"open","sticky":false,"template":"","format":"standard","meta":{"footnotes":""},"categories":[16],"tags":[4626,2450,33425,33426],"class_list":["post-98039","post","type-post","status-publish","format-standard","has-post-thumbnail","hentry","category-gremiales","tag-ajb","tag-diario-el-sindical","tag-fiscal-general-fernandez-garello","tag-la-corte"],"_links":{"self":[{"href":"https:\/\/www.elsindical.com.ar\/notas\/wp-json\/wp\/v2\/posts\/98039","targetHints":{"allow":["GET"]}}],"collection":[{"href":"https:\/\/www.elsindical.com.ar\/notas\/wp-json\/wp\/v2\/posts"}],"about":[{"href":"https:\/\/www.elsindical.com.ar\/notas\/wp-json\/wp\/v2\/types\/post"}],"author":[{"embeddable":true,"href":"https:\/\/www.elsindical.com.ar\/notas\/wp-json\/wp\/v2\/users\/1"}],"replies":[{"embeddable":true,"href":"https:\/\/www.elsindical.com.ar\/notas\/wp-json\/wp\/v2\/comments?post=98039"}],"version-history":[{"count":1,"href":"https:\/\/www.elsindical.com.ar\/notas\/wp-json\/wp\/v2\/posts\/98039\/revisions"}],"predecessor-version":[{"id":98041,"href":"https:\/\/www.elsindical.com.ar\/notas\/wp-json\/wp\/v2\/posts\/98039\/revisions\/98041"}],"wp:featuredmedia":[{"embeddable":true,"href":"https:\/\/www.elsindical.com.ar\/notas\/wp-json\/wp\/v2\/media\/98040"}],"wp:attachment":[{"href":"https:\/\/www.elsindical.com.ar\/notas\/wp-json\/wp\/v2\/media?parent=98039"}],"wp:term":[{"taxonomy":"category","embeddable":true,"href":"https:\/\/www.elsindical.com.ar\/notas\/wp-json\/wp\/v2\/categories?post=98039"},{"taxonomy":"post_tag","embeddable":true,"href":"https:\/\/www.elsindical.com.ar\/notas\/wp-json\/wp\/v2\/tags?post=98039"}],"curies":[{"name":"wp","href":"https:\/\/api.w.org\/{rel}","templated":true}]}}