{"id":97991,"date":"2020-08-19T11:56:27","date_gmt":"2020-08-19T14:56:27","guid":{"rendered":"http:\/\/www.elsindical.com.ar\/notas\/?p=97991"},"modified":"2020-08-19T11:59:13","modified_gmt":"2020-08-19T14:59:13","slug":"lomas-de-zamora-masiva-caravana-de-familiares-de-rodrigo-gonzalez-a-un-ano-de-su-crimen-en-temperley","status":"publish","type":"post","link":"https:\/\/www.elsindical.com.ar\/notas\/lomas-de-zamora-masiva-caravana-de-familiares-de-rodrigo-gonzalez-a-un-ano-de-su-crimen-en-temperley\/","title":{"rendered":"Lomas de Zamora: Masiva caravana de familiares de Rodrigo Gonz\u00e1lez a un a\u00f1o de su crimen en Temperley"},"content":{"rendered":"\n<figure class=\"wp-block-image size-large\"><img loading=\"lazy\" decoding=\"async\" width=\"648\" height=\"426\" src=\"http:\/\/www.elsindical.com.ar\/notas\/var\/www\/html\/notas\/wp-content\/uploads\/2020\/08\/caravana-Justicia-por-Rodrigo.jpeg\" alt=\"\" class=\"wp-image-97992\" srcset=\"https:\/\/www.elsindical.com.ar\/notas\/var\/www\/html\/notas\/wp-content\/uploads\/2020\/08\/caravana-Justicia-por-Rodrigo.jpeg 648w, https:\/\/www.elsindical.com.ar\/notas\/var\/www\/html\/notas\/wp-content\/uploads\/2020\/08\/caravana-Justicia-por-Rodrigo-300x197.jpeg 300w, https:\/\/www.elsindical.com.ar\/notas\/var\/www\/html\/notas\/wp-content\/uploads\/2020\/08\/caravana-Justicia-por-Rodrigo-456x300.jpeg 456w\" sizes=\"auto, (max-width: 648px) 100vw, 648px\" \/><\/figure>\n\n\n\n<p>Familiares y amigos de Rodrigo Gonz\u00e1lez, un joven asesinado en Temperley mientras festejaba su cumplea\u00f1os en agosto del 2019, realizaron una caravana para conmemorarlo y replicar el reclamo de justicia.<\/p>\n\n\n\n<p>La marcha comenz\u00f3 en Temperley, cerca del lugar del hecho, y continu\u00f3 hasta la Municipalidad de Lomas de Zamora. El caso ya fue elevado a juicio con un \u00fanico imputado y por ahora la familia espera que se sortee el Tribunal luego del pedido de elevaci\u00f3n a juicio y que elija una fecha para el debate oral.&nbsp;<\/p>\n\n\n\n<p>Florencia, pareja de Rodrigo, asegur\u00f3: \u201cEste d\u00eda siempre me trae para atr\u00e1s, se cumpli\u00f3 un a\u00f1o pero parece que fue ayer. Nuestro principal reclamo es que Castro Gabriel sea condenado a cadena perpetua\u201d.<\/p>\n\n\n\n<p>Gabriel Castro fue imputado por \u201crobo agravado y homicidio criminis causae, ambos en tentativa, y homicidio agravado\u201d y es el \u00fanico acusado del asesinato de Rodrigo.&nbsp;<\/p>\n\n\n\n<p>En este sentido, Florencia explic\u00f3 que tienen esperanza de que la justicia les otorgue la pena que piden. \u201cQueremos perpetua porque tenemos todo a favor, no tiene mucha chance. Fue todo rapid\u00edsimo, pas\u00f3 un a\u00f1o y ya se elev\u00f3 a juicio\u201d, asever\u00f3 la pareja de Rodrigo.<\/p>\n\n\n\n<p>La caravana comenz\u00f3 en Pasco y Salta, Temperley, continu\u00f3 por la avenida Alsina y termin\u00f3 en la Municipalidad de Lomas de Zamora. Adem\u00e1s de reclamar justicia por Rodrigo, exigieron mayor seguridad en el distrito.<\/p>\n\n\n\n<p>\u201cLa caravana fue m\u00e1s de lo que esper\u00e1bamos, quer\u00edamos hacer algo para conmemorarlo y con la cuarentena pensamos que ir en auto iba a ser lo mejor\u201d, especific\u00f3. Se estima que fueron cinco cuadras de autos y se sumaron vecinos y amigos del joven asesinado.&nbsp;<\/p>\n\n\n\n<p>La investigaci\u00f3n avanz\u00f3 r\u00e1pido desde un principio debido a que el autor del crimen fue identificado a los pocos d\u00edas y se recopilaron testigos, videos y pruebas puntuales sobre le hecho.&nbsp;<\/p>\n\n\n\n<p>Con respecto a una fecha de juicio, Florencia opin\u00f3 que \u201cser\u00e1 el a\u00f1o pr\u00f3ximo\u201d. \u201cEn estos meses se supone que pautar\u00e1n una fecha. Tenemos fe en que se haga justicia pero miedo porque la justicia es un poco corrupta. Entendemos que no se realice este a\u00f1o pero esperamos que sea en febrero o marzo\u201d, afirm\u00f3.&nbsp;<\/p>\n\n\n\n<p>El hecho ocurri\u00f3 en la noche del 17 de agosto de 2019 en Zuvir\u00eda al 400, casi esquina Gral. Iriarte, Temperley. Se estima que una persona intent\u00f3 robar un auto sobre la calle Gral. Iriarte al 800 pero como no pudo hacerlo, junto a otro delincuente, fue hasta la vuelta, sobre Zuvir\u00eda, donde vio que un hombre descend\u00eda de un veh\u00edculo e ingresaba a una casa. En esos momentos, Rodrigo estaba en una habitaci\u00f3n de la casa mientras se festejaba un cumplea\u00f1os y el hombre que sali\u00f3 del auto era un familiar.<\/p>\n\n\n\n<p>Seg\u00fan la investigaci\u00f3n, Castro pas\u00f3 por el frente del hogar y dispar\u00f3 en varias oportunidades contra ella sin tener un fin claro. Uno de los balazos ingres\u00f3 por la ventana e impact\u00f3 en el pecho de Rodrigo.<\/p>\n\n\n\n<iframe loading=\"lazy\" width=\"580\" height=\"420\" src=\"https:\/\/www.youtube.com\/embed\/p_3MIBWeIII\" frameborder=\"0\" allow=\"accelerometer; autoplay; encrypted-media; gyroscope; picture-in-picture\" allowfullscreen><\/iframe>\n","protected":false},"excerpt":{"rendered":"<p>Familiares y amigos de Rodrigo Gonz\u00e1lez, un joven asesinado en Temperley mientras festejaba su cumplea\u00f1os en agosto del 2019, realizaron una caravana para conmemorarlo y replicar el reclamo de justicia. La marcha comenz\u00f3 en Temperley, cerca del lugar del hecho, y continu\u00f3 hasta la Municipalidad de Lomas de Zamora. El caso ya fue elevado a&hellip;<\/p>\n","protected":false},"author":1,"featured_media":97992,"comment_status":"open","ping_status":"open","sticky":false,"template":"","format":"standard","meta":{"footnotes":""},"categories":[25],"tags":[363,33417,33416,2450,41,744,31473,1430],"class_list":["post-97991","post","type-post","status-publish","format-standard","has-post-thumbnail","hentry","category-sociedad","tag-asesinato","tag-caravana","tag-castro-gabriel","tag-diario-el-sindical","tag-justicia","tag-lomas-de-zamora","tag-rodrigo-gonzalez","tag-temperley"],"_links":{"self":[{"href":"https:\/\/www.elsindical.com.ar\/notas\/wp-json\/wp\/v2\/posts\/97991","targetHints":{"allow":["GET"]}}],"collection":[{"href":"https:\/\/www.elsindical.com.ar\/notas\/wp-json\/wp\/v2\/posts"}],"about":[{"href":"https:\/\/www.elsindical.com.ar\/notas\/wp-json\/wp\/v2\/types\/post"}],"author":[{"embeddable":true,"href":"https:\/\/www.elsindical.com.ar\/notas\/wp-json\/wp\/v2\/users\/1"}],"replies":[{"embeddable":true,"href":"https:\/\/www.elsindical.com.ar\/notas\/wp-json\/wp\/v2\/comments?post=97991"}],"version-history":[{"count":2,"href":"https:\/\/www.elsindical.com.ar\/notas\/wp-json\/wp\/v2\/posts\/97991\/revisions"}],"predecessor-version":[{"id":97994,"href":"https:\/\/www.elsindical.com.ar\/notas\/wp-json\/wp\/v2\/posts\/97991\/revisions\/97994"}],"wp:featuredmedia":[{"embeddable":true,"href":"https:\/\/www.elsindical.com.ar\/notas\/wp-json\/wp\/v2\/media\/97992"}],"wp:attachment":[{"href":"https:\/\/www.elsindical.com.ar\/notas\/wp-json\/wp\/v2\/media?parent=97991"}],"wp:term":[{"taxonomy":"category","embeddable":true,"href":"https:\/\/www.elsindical.com.ar\/notas\/wp-json\/wp\/v2\/categories?post=97991"},{"taxonomy":"post_tag","embeddable":true,"href":"https:\/\/www.elsindical.com.ar\/notas\/wp-json\/wp\/v2\/tags?post=97991"}],"curies":[{"name":"wp","href":"https:\/\/api.w.org\/{rel}","templated":true}]}}