{"id":97988,"date":"2020-08-19T11:43:46","date_gmt":"2020-08-19T14:43:46","guid":{"rendered":"http:\/\/www.elsindical.com.ar\/notas\/?p=97988"},"modified":"2020-08-19T11:43:46","modified_gmt":"2020-08-19T14:43:46","slug":"autorizan-practicas-deportivas-individuales-y-guia-de-recomendaciones","status":"publish","type":"post","link":"https:\/\/www.elsindical.com.ar\/notas\/autorizan-practicas-deportivas-individuales-y-guia-de-recomendaciones\/","title":{"rendered":"Autorizan pr\u00e1cticas deportivas individuales y gu\u00eda de recomendaciones"},"content":{"rendered":"\n<figure class=\"wp-block-image size-large\"><img loading=\"lazy\" decoding=\"async\" width=\"980\" height=\"554\" src=\"http:\/\/www.elsindical.com.ar\/notas\/var\/www\/html\/notas\/wp-content\/uploads\/2020\/08\/tenis-single.jpg\" alt=\"\" class=\"wp-image-97989\" srcset=\"https:\/\/www.elsindical.com.ar\/notas\/var\/www\/html\/notas\/wp-content\/uploads\/2020\/08\/tenis-single.jpg 980w, https:\/\/www.elsindical.com.ar\/notas\/var\/www\/html\/notas\/wp-content\/uploads\/2020\/08\/tenis-single-300x170.jpg 300w, https:\/\/www.elsindical.com.ar\/notas\/var\/www\/html\/notas\/wp-content\/uploads\/2020\/08\/tenis-single-768x434.jpg 768w, https:\/\/www.elsindical.com.ar\/notas\/var\/www\/html\/notas\/wp-content\/uploads\/2020\/08\/tenis-single-500x283.jpg 500w, https:\/\/www.elsindical.com.ar\/notas\/var\/www\/html\/notas\/wp-content\/uploads\/2020\/08\/tenis-single-460x260.jpg 460w\" sizes=\"auto, (max-width: 980px) 100vw, 980px\" \/><\/figure>\n\n\n\n<p>El Gobierno nacional oficializ\u00f3 este mi\u00e9rcoles la autorizaci\u00f3n para la pr\u00e1ctica de deportes individuales y estableci\u00f3 una gu\u00eda de recomendaciones con pautas vinculadas a la distancia social, la higiene de los espacios donde se desarrollen los entrenamientos, y la modalidad de turnos, a fin de evitar la propagaci\u00f3n del coronavirus.<\/p>\n\n\n\n<p>As\u00ed qued\u00f3 establecido en la Decisi\u00f3n Administrativa 1518\/2020, publicada hoy en el Bolet\u00edn Oficial con la firma del jefe de Gabinete, Santiago Cafiero; y del ministro de Salud, Gin\u00e9s Gonz\u00e1lez Garc\u00eda.<\/p>\n\n\n\n<p>La norma incluye la pr\u00e1ctica de estos deportes en clubes e instituciones p\u00fablicas y privadas, y polideportivos.<\/p>\n\n\n\n<p>En los considerandos, entre los deportes individuales con fines recreativos, se citan \u201cactividades de nieve; deportes acu\u00e1ticos; andinismo; atletismo; b\u00e1dminton; canotaje; ciclismo (circuito fijo y BMX); ecuestre; gimnasia; golf; nataci\u00f3n; paddle single; pentathl\u00f3n; pesas; remo; skateboarding; surf; tenis de mesa single; tenis single; tiro; triatl\u00f3n y yatching\u201d.<\/p>\n\n\n\n<p>La norma oficial establece el protocolo para el desarrollo de deportes individuales con la organizaci\u00f3n de turnos, los modos de trabajo y de traslado tanto de alumnos como profesores, la higiene que deber\u00e1 ser garantizada por los titulares de los lugares donde se efect\u00faen las actividades autorizadas, entre otras medidas.<\/p>\n\n\n\n<p>La gu\u00eda mantiene la prohibici\u00f3n del desplazamiento mediante el servicio p\u00fablico de transporte de pasajeros.<\/p>\n\n\n\n<p>Por su parte, la Ciudad Aut\u00f3noma de Buenos Aires y las provincias deber\u00e1n dictar las reglamentaciones necesarias para el desarrollo de las actividades, disponiendo la fecha de inicio para cada jurisdicci\u00f3n.<\/p>\n\n\n\n<p>Las personas que desempe\u00f1en sus tareas laborales en los establecimientos autorizados deber\u00e1n tramitar el Certificado \u00danico Habilitante para Circulaci\u00f3n \u2013 Emergencia Covid-19, y en forma semanal, la autoridad sanitaria local deber\u00e1 remitir al Ministerio de Salud de la Naci\u00f3n los informes pertinentes.<\/p>\n","protected":false},"excerpt":{"rendered":"<p>El Gobierno nacional oficializ\u00f3 este mi\u00e9rcoles la autorizaci\u00f3n para la pr\u00e1ctica de deportes individuales y estableci\u00f3 una gu\u00eda de recomendaciones con pautas vinculadas a la distancia social, la higiene de los espacios donde se desarrollen los entrenamientos, y la modalidad de turnos, a fin de evitar la propagaci\u00f3n del coronavirus. As\u00ed qued\u00f3 establecido en la&hellip;<\/p>\n","protected":false},"author":1,"featured_media":97989,"comment_status":"open","ping_status":"open","sticky":false,"template":"","format":"standard","meta":{"footnotes":""},"categories":[13],"tags":[33414,2450,33415,16110,14006],"class_list":["post-97988","post","type-post","status-publish","format-standard","has-post-thumbnail","hentry","category-politica","tag-deportes-individuales","tag-diario-el-sindical","tag-guias","tag-protocolos","tag-recomendaciones"],"_links":{"self":[{"href":"https:\/\/www.elsindical.com.ar\/notas\/wp-json\/wp\/v2\/posts\/97988","targetHints":{"allow":["GET"]}}],"collection":[{"href":"https:\/\/www.elsindical.com.ar\/notas\/wp-json\/wp\/v2\/posts"}],"about":[{"href":"https:\/\/www.elsindical.com.ar\/notas\/wp-json\/wp\/v2\/types\/post"}],"author":[{"embeddable":true,"href":"https:\/\/www.elsindical.com.ar\/notas\/wp-json\/wp\/v2\/users\/1"}],"replies":[{"embeddable":true,"href":"https:\/\/www.elsindical.com.ar\/notas\/wp-json\/wp\/v2\/comments?post=97988"}],"version-history":[{"count":1,"href":"https:\/\/www.elsindical.com.ar\/notas\/wp-json\/wp\/v2\/posts\/97988\/revisions"}],"predecessor-version":[{"id":97990,"href":"https:\/\/www.elsindical.com.ar\/notas\/wp-json\/wp\/v2\/posts\/97988\/revisions\/97990"}],"wp:featuredmedia":[{"embeddable":true,"href":"https:\/\/www.elsindical.com.ar\/notas\/wp-json\/wp\/v2\/media\/97989"}],"wp:attachment":[{"href":"https:\/\/www.elsindical.com.ar\/notas\/wp-json\/wp\/v2\/media?parent=97988"}],"wp:term":[{"taxonomy":"category","embeddable":true,"href":"https:\/\/www.elsindical.com.ar\/notas\/wp-json\/wp\/v2\/categories?post=97988"},{"taxonomy":"post_tag","embeddable":true,"href":"https:\/\/www.elsindical.com.ar\/notas\/wp-json\/wp\/v2\/tags?post=97988"}],"curies":[{"name":"wp","href":"https:\/\/api.w.org\/{rel}","templated":true}]}}