{"id":97909,"date":"2020-08-16T00:36:59","date_gmt":"2020-08-16T03:36:59","guid":{"rendered":"http:\/\/www.elsindical.com.ar\/notas\/?p=97909"},"modified":"2020-08-16T00:36:59","modified_gmt":"2020-08-16T03:36:59","slug":"cordoba-ordenan-detener-al-golfista-pato-cabrera-por-violar-restricciones-en-causa-de-violencia","status":"publish","type":"post","link":"https:\/\/www.elsindical.com.ar\/notas\/cordoba-ordenan-detener-al-golfista-pato-cabrera-por-violar-restricciones-en-causa-de-violencia\/","title":{"rendered":"C\u00f3rdoba: Ordenan detener al golfista \u00abPato\u00bb Cabrera por violar restricciones en causa de violencia"},"content":{"rendered":"\n<figure class=\"wp-block-image size-large\"><img loading=\"lazy\" decoding=\"async\" width=\"1024\" height=\"665\" src=\"http:\/\/www.elsindical.com.ar\/notas\/var\/www\/html\/notas\/wp-content\/uploads\/2020\/08\/Pato-Cabrera-1024x665.jpg\" alt=\"\" class=\"wp-image-97910\" srcset=\"https:\/\/www.elsindical.com.ar\/notas\/var\/www\/html\/notas\/wp-content\/uploads\/2020\/08\/Pato-Cabrera-1024x665.jpg 1024w, https:\/\/www.elsindical.com.ar\/notas\/var\/www\/html\/notas\/wp-content\/uploads\/2020\/08\/Pato-Cabrera-300x195.jpg 300w, https:\/\/www.elsindical.com.ar\/notas\/var\/www\/html\/notas\/wp-content\/uploads\/2020\/08\/Pato-Cabrera-768x499.jpg 768w, https:\/\/www.elsindical.com.ar\/notas\/var\/www\/html\/notas\/wp-content\/uploads\/2020\/08\/Pato-Cabrera-462x300.jpg 462w, https:\/\/www.elsindical.com.ar\/notas\/var\/www\/html\/notas\/wp-content\/uploads\/2020\/08\/Pato-Cabrera.jpg 1170w\" sizes=\"auto, (max-width: 1024px) 100vw, 1024px\" \/><\/figure>\n\n\n\n<p>Cabrera, de 50 a\u00f1os, deb\u00eda presentarse el viernes en el Ministerio P\u00fablico Fiscal pero como no lo hizo, la justicia allan\u00f3 su casa de la localidad de Villa Allende y el personal policial fue informado por el cuidador de que no estaba en el pa\u00eds.<\/p>\n\n\n\n<p>El fiscal de Violencia Familiar de C\u00f3rdoba, Cristian Griffi, orden\u00f3 hoy la<strong> detenci\u00f3n internacional del golfista \u00c1ngel \u00abPato\u00bb Cabrera por presunta violaci\u00f3n<\/strong> de las restricciones impuestas en la causa de violencia de g\u00e9nero iniciada por su ex pareja.<br><br>Cabrera, de 50 a\u00f1os, deb\u00eda presentarse el viernes en el Ministerio P\u00fablico Fiscal pero como no lo hizo, la justicia allan\u00f3 su casa de la localidad de Villa Allende y el personal policial fue informado por el cuidador de que no estaba en el pa\u00eds.<br><br>El ganador del US Open 2007 y del prestigioso Masters de Augusta en 2009 participa actualmente del torneo en Estados Unidos.<br><br>Para salir del pa\u00eds, el golfista deb\u00eda solicitar autorizaci\u00f3n judicial y, presuntamente, tampoco cumpli\u00f3 con ese requisito, informaron fuentes de la justicia provincial.<br><br>La causa que implica al golfista tuvo su desenlace en diciembre de 2016 cuando, seg\u00fan la instrucci\u00f3n del expediente, su ex pareja, la polic\u00eda Cecilia Mana,<strong> lo denunci\u00f3 por \u201cmaltratos y golpes de pu\u00f1o en la cara\u201d.<\/strong><br><br>El abogado Carlos Nayi, representante de Mana, <strong>manifest\u00f3 que el fiscal Griffi <\/strong>envi\u00f3 un oficio a Interpol para que se \u201cubique y capture a Cabrera en el lugar en donde se encuentre y sea trasladado inmediatamente a la Argentina\u201d.<\/p>\n\n\n\n<p>El letrado precis\u00f3 que el golfista cordob\u00e9s est\u00e1 a punto de enfrentar un proceso de enjuiciamiento, ante la C\u00e1mara Segunda del Crimen, en dos causas acumuladas por violencia de g\u00e9nero en contra de su representada, una por \u201clesiones leves calificadas y amenazas\u201d, del 2017, y otra por \u201clesiones leves calificada y hurtos\u201d del 2018.<br><br>Asimismo Nayi afirm\u00f3 que por las distintas maniobras judiciales para<strong> \u201cevitar el juicio\u201d,<\/strong> el golfista representa un \u201criesgo procesal\u201d y debe ser detenido.<br><br>Afirm\u00f3 tambi\u00e9n que el acusado \u201cviol\u00f3 varias \u00f3rdenes de restricciones\u201d, que se le hab\u00eda impuesto durante la instrucci\u00f3n de la causa.<br><br>El domicilio de Cabrera fue allanada ayer por orden judicial porque no se hab\u00eda presentado en la Justicia, tal como deb\u00eda hacerlo con frecuencia, raz\u00f3n por el cual el fiscal Griffi emiti\u00f3 los oficios para que sea capturado porque \u201cno pod\u00eda salir del pa\u00eds sin autorizaci\u00f3n de la Justicia\u201d, asever\u00f3 el abogado Nayi<\/p>\n","protected":false},"excerpt":{"rendered":"<p>Cabrera, de 50 a\u00f1os, deb\u00eda presentarse el viernes en el Ministerio P\u00fablico Fiscal pero como no lo hizo, la justicia allan\u00f3 su casa de la localidad de Villa Allende y el personal policial fue informado por el cuidador de que no estaba en el pa\u00eds. El fiscal de Violencia Familiar de C\u00f3rdoba, Cristian Griffi, orden\u00f3&hellip;<\/p>\n","protected":false},"author":1,"featured_media":97910,"comment_status":"open","ping_status":"open","sticky":false,"template":"","format":"standard","meta":{"footnotes":""},"categories":[20],"tags":[10229,153,2450,25868,5032,33398,20062],"class_list":["post-97909","post","type-post","status-publish","format-standard","has-post-thumbnail","hentry","category-judiciales","tag-captura","tag-cordoba","tag-diario-el-sindical","tag-golfista","tag-interpol","tag-pato-cabrera","tag-villa-allende"],"_links":{"self":[{"href":"https:\/\/www.elsindical.com.ar\/notas\/wp-json\/wp\/v2\/posts\/97909","targetHints":{"allow":["GET"]}}],"collection":[{"href":"https:\/\/www.elsindical.com.ar\/notas\/wp-json\/wp\/v2\/posts"}],"about":[{"href":"https:\/\/www.elsindical.com.ar\/notas\/wp-json\/wp\/v2\/types\/post"}],"author":[{"embeddable":true,"href":"https:\/\/www.elsindical.com.ar\/notas\/wp-json\/wp\/v2\/users\/1"}],"replies":[{"embeddable":true,"href":"https:\/\/www.elsindical.com.ar\/notas\/wp-json\/wp\/v2\/comments?post=97909"}],"version-history":[{"count":1,"href":"https:\/\/www.elsindical.com.ar\/notas\/wp-json\/wp\/v2\/posts\/97909\/revisions"}],"predecessor-version":[{"id":97911,"href":"https:\/\/www.elsindical.com.ar\/notas\/wp-json\/wp\/v2\/posts\/97909\/revisions\/97911"}],"wp:featuredmedia":[{"embeddable":true,"href":"https:\/\/www.elsindical.com.ar\/notas\/wp-json\/wp\/v2\/media\/97910"}],"wp:attachment":[{"href":"https:\/\/www.elsindical.com.ar\/notas\/wp-json\/wp\/v2\/media?parent=97909"}],"wp:term":[{"taxonomy":"category","embeddable":true,"href":"https:\/\/www.elsindical.com.ar\/notas\/wp-json\/wp\/v2\/categories?post=97909"},{"taxonomy":"post_tag","embeddable":true,"href":"https:\/\/www.elsindical.com.ar\/notas\/wp-json\/wp\/v2\/tags?post=97909"}],"curies":[{"name":"wp","href":"https:\/\/api.w.org\/{rel}","templated":true}]}}