{"id":97874,"date":"2020-08-15T13:01:41","date_gmt":"2020-08-15T16:01:41","guid":{"rendered":"http:\/\/www.elsindical.com.ar\/notas\/?p=97874"},"modified":"2020-08-15T13:01:41","modified_gmt":"2020-08-15T16:01:41","slug":"banfield-desbaratan-desarmadero-ilegal-que-vendia-autopartes-por-las-redes-sociales","status":"publish","type":"post","link":"https:\/\/www.elsindical.com.ar\/notas\/banfield-desbaratan-desarmadero-ilegal-que-vendia-autopartes-por-las-redes-sociales\/","title":{"rendered":"Banfield: Desbaratan desarmadero ilegal que vend\u00eda autopartes por las redes sociales"},"content":{"rendered":"\n<figure class=\"wp-block-image size-large\"><img loading=\"lazy\" decoding=\"async\" width=\"640\" height=\"446\" src=\"http:\/\/www.elsindical.com.ar\/notas\/var\/www\/html\/notas\/wp-content\/uploads\/2020\/08\/desarmadero-ilegal-en-Banfield.jpeg\" alt=\"\" class=\"wp-image-97875\" srcset=\"https:\/\/www.elsindical.com.ar\/notas\/var\/www\/html\/notas\/wp-content\/uploads\/2020\/08\/desarmadero-ilegal-en-Banfield.jpeg 640w, https:\/\/www.elsindical.com.ar\/notas\/var\/www\/html\/notas\/wp-content\/uploads\/2020\/08\/desarmadero-ilegal-en-Banfield-300x209.jpeg 300w, https:\/\/www.elsindical.com.ar\/notas\/var\/www\/html\/notas\/wp-content\/uploads\/2020\/08\/desarmadero-ilegal-en-Banfield-430x300.jpeg 430w\" sizes=\"auto, (max-width: 640px) 100vw, 640px\" \/><\/figure>\n\n\n\n<p class=\"wp-block-paragraph\">Un hombre fue detenido en el partido bonaerense de Banfield en una casa que era usada como \u201cdesarmadero\u201d de autos robados, cuyas piezas eran vendidas en el mercado negro a trav\u00e9s de redes sociales, informaron fuentes policiales.<\/p>\n\n\n\n<p class=\"wp-block-paragraph\">La detenci\u00f3n se dio el viernes por la noche en un domicilio de la calle Monteagudo 1100 de Banfield Oeste, en cuyo garaje se encontr\u00f3 una camioneta Ford Ecosport que le hab\u00eda sido robada a una mujer en Villa Galicia, partido de Lomas de Zamora, el 8 de agosto \u00faltimo en un asalto a mano armada, ocurrido en la calle Palacios.<\/p>\n\n\n\n<p class=\"wp-block-paragraph\">Siguiendo la investigaci\u00f3n y pistas de otros robos de veh\u00edculos en la zona de Banfield, los polic\u00edas de Lomas de Zamora llegaron al lugar y se encontraron con la camioneta buscada y un auto Chevrolet Prisma negro que era usado por los delincuentes para desplazarse cuando perpetraban los robos.<\/p>\n\n\n\n<p class=\"wp-block-paragraph\">En el lugar se detuvo a un hombre de 35 a\u00f1os, acusado de ser el \u201cdesarmador\u201d de autos.<\/p>\n\n\n\n<p class=\"wp-block-paragraph\">Tambi\u00e9n los polic\u00edas secuestraron varios autopartes de distintos autos y camionetas, alguno de ellos listo para ser entregados por venta por Internet, una pistola Bersa Calibre 22, una carabina Bersa 22, 95 municiones cal. 9 mil\u00edmetros, 50 municiones calibre 22, 40 municiones calibre 38 Special, agendas de contactos de posibles compradores de piezas de autos robados entre otros objetos importante pasa la causa.<\/p>\n\n\n\n<p class=\"wp-block-paragraph\">El detenido qued\u00f3 alojado en sede policial a disposici\u00f3n de la fiscal\u00eda 11 de Lomas de Zamora.<\/p>\n","protected":false},"excerpt":{"rendered":"<p>Un hombre fue detenido en el partido bonaerense de Banfield en una casa que era usada como \u201cdesarmadero\u201d de autos robados, cuyas piezas eran vendidas en el mercado negro a trav\u00e9s de redes sociales, informaron fuentes policiales. La detenci\u00f3n se dio el viernes por la noche en un domicilio de la calle Monteagudo 1100 de&hellip;<\/p>\n","protected":false},"author":1,"featured_media":97875,"comment_status":"open","ping_status":"open","sticky":false,"template":"","format":"standard","meta":{"footnotes":""},"categories":[22],"tags":[5439,28581,2450,744,30,12003],"class_list":["post-97874","post","type-post","status-publish","format-standard","has-post-thumbnail","hentry","category-policiales","tag-banfield","tag-desarmadero","tag-diario-el-sindical","tag-lomas-de-zamora","tag-policia","tag-villa-galicia"],"_links":{"self":[{"href":"https:\/\/www.elsindical.com.ar\/notas\/wp-json\/wp\/v2\/posts\/97874","targetHints":{"allow":["GET"]}}],"collection":[{"href":"https:\/\/www.elsindical.com.ar\/notas\/wp-json\/wp\/v2\/posts"}],"about":[{"href":"https:\/\/www.elsindical.com.ar\/notas\/wp-json\/wp\/v2\/types\/post"}],"author":[{"embeddable":true,"href":"https:\/\/www.elsindical.com.ar\/notas\/wp-json\/wp\/v2\/users\/1"}],"replies":[{"embeddable":true,"href":"https:\/\/www.elsindical.com.ar\/notas\/wp-json\/wp\/v2\/comments?post=97874"}],"version-history":[{"count":1,"href":"https:\/\/www.elsindical.com.ar\/notas\/wp-json\/wp\/v2\/posts\/97874\/revisions"}],"predecessor-version":[{"id":97876,"href":"https:\/\/www.elsindical.com.ar\/notas\/wp-json\/wp\/v2\/posts\/97874\/revisions\/97876"}],"wp:featuredmedia":[{"embeddable":true,"href":"https:\/\/www.elsindical.com.ar\/notas\/wp-json\/wp\/v2\/media\/97875"}],"wp:attachment":[{"href":"https:\/\/www.elsindical.com.ar\/notas\/wp-json\/wp\/v2\/media?parent=97874"}],"wp:term":[{"taxonomy":"category","embeddable":true,"href":"https:\/\/www.elsindical.com.ar\/notas\/wp-json\/wp\/v2\/categories?post=97874"},{"taxonomy":"post_tag","embeddable":true,"href":"https:\/\/www.elsindical.com.ar\/notas\/wp-json\/wp\/v2\/tags?post=97874"}],"curies":[{"name":"wp","href":"https:\/\/api.w.org\/{rel}","templated":true}]}}