{"id":9775,"date":"2010-09-25T02:41:30","date_gmt":"2010-09-25T05:41:30","guid":{"rendered":"http:\/\/www.elsindical.com.ar\/notas\/?p=9775"},"modified":"2010-09-25T02:41:30","modified_gmt":"2010-09-25T05:41:30","slug":"fallecio-jorge-el-gigante-gonzalez","status":"publish","type":"post","link":"https:\/\/www.elsindical.com.ar\/notas\/fallecio-jorge-el-gigante-gonzalez\/","title":{"rendered":"Falleci\u00f3 Jorge \u00abEl Gigante\u00bb Gonz\u00e1lez"},"content":{"rendered":"<p id=\"cuerpoNota\" style=\"text-align: justify;\"><em><strong><a href=\"http:\/\/www.elsindical.com.ar\/notas\/var\/www\/html\/notas\/wp-content\/uploads\/2010\/09\/Jorge-El-Gigante-Gonz\u00e1lez.jpg\"><img loading=\"lazy\" decoding=\"async\" class=\"alignleft size-medium wp-image-9776\" title=\"Jorge-El-Gigante-Gonz\u00e1lez\" src=\"http:\/\/www.elsindical.com.ar\/notas\/var\/www\/html\/notas\/wp-content\/uploads\/2010\/09\/Jorge-El-Gigante-Gonz\u00e1lez-300x198.jpg\" alt=\"\" width=\"300\" height=\"198\" srcset=\"https:\/\/www.elsindical.com.ar\/notas\/var\/www\/html\/notas\/wp-content\/uploads\/2010\/09\/Jorge-El-Gigante-Gonz\u00e1lez-300x198.jpg 300w, https:\/\/www.elsindical.com.ar\/notas\/var\/www\/html\/notas\/wp-content\/uploads\/2010\/09\/Jorge-El-Gigante-Gonz\u00e1lez.jpg 443w\" sizes=\"auto, (max-width: 300px) 100vw, 300px\" \/><\/a>Jorge \u00abEl Gigante\u00bb Gonz\u00e1lez falleci\u00f3 hoy en la ciudad de San Mart\u00edn <\/strong>a donde hab\u00eda sido trasladado luego de \u00absufrir una descompensaci\u00f3n\u00bb confirmaron fuentes de su ciudad natal, El Colorado.<br \/>\n<\/em><br \/>\nLos <strong>restos del ex basquetbolista, de 2,31 metros<\/strong>, <strong>ser\u00e1n velados en la sala velatoria de la Cooperativa de Servicios P\u00fablicos de la localidad formose\u00f1a.<br \/>\n<\/strong><br \/>\nHab\u00eda sido trasladado esta ma\u00f1ana hasta la localidad chaque\u00f1a debido a \u00abuna descompensaci\u00f3n\u00bb que afect\u00f3 su delicado estado de salud.<\/p>\n","protected":false},"excerpt":{"rendered":"<p>Jorge \u00abEl Gigante\u00bb Gonz\u00e1lez falleci\u00f3 hoy en la ciudad de San Mart\u00edn a donde hab\u00eda sido trasladado luego de \u00absufrir una descompensaci\u00f3n\u00bb confirmaron fuentes de su ciudad natal, El Colorado. Los restos del ex basquetbolista, de 2,31 metros, ser\u00e1n velados en la sala velatoria de la Cooperativa de Servicios P\u00fablicos de la localidad formose\u00f1a. Hab\u00eda&hellip;<\/p>\n","protected":false},"author":1,"featured_media":0,"comment_status":"open","ping_status":"open","sticky":false,"template":"","format":"standard","meta":{"footnotes":""},"categories":[7],"tags":[4406,255,4727,820],"class_list":["post-9775","post","type-post","status-publish","format-standard","hentry","category-deportes","tag-basquet","tag-chaco","tag-jorge-el-gigante-gonzalez","tag-san-martin"],"_links":{"self":[{"href":"https:\/\/www.elsindical.com.ar\/notas\/wp-json\/wp\/v2\/posts\/9775","targetHints":{"allow":["GET"]}}],"collection":[{"href":"https:\/\/www.elsindical.com.ar\/notas\/wp-json\/wp\/v2\/posts"}],"about":[{"href":"https:\/\/www.elsindical.com.ar\/notas\/wp-json\/wp\/v2\/types\/post"}],"author":[{"embeddable":true,"href":"https:\/\/www.elsindical.com.ar\/notas\/wp-json\/wp\/v2\/users\/1"}],"replies":[{"embeddable":true,"href":"https:\/\/www.elsindical.com.ar\/notas\/wp-json\/wp\/v2\/comments?post=9775"}],"version-history":[{"count":1,"href":"https:\/\/www.elsindical.com.ar\/notas\/wp-json\/wp\/v2\/posts\/9775\/revisions"}],"predecessor-version":[{"id":9777,"href":"https:\/\/www.elsindical.com.ar\/notas\/wp-json\/wp\/v2\/posts\/9775\/revisions\/9777"}],"wp:attachment":[{"href":"https:\/\/www.elsindical.com.ar\/notas\/wp-json\/wp\/v2\/media?parent=9775"}],"wp:term":[{"taxonomy":"category","embeddable":true,"href":"https:\/\/www.elsindical.com.ar\/notas\/wp-json\/wp\/v2\/categories?post=9775"},{"taxonomy":"post_tag","embeddable":true,"href":"https:\/\/www.elsindical.com.ar\/notas\/wp-json\/wp\/v2\/tags?post=9775"}],"curies":[{"name":"wp","href":"https:\/\/api.w.org\/{rel}","templated":true}]}}