{"id":97737,"date":"2020-08-07T00:54:13","date_gmt":"2020-08-07T03:54:13","guid":{"rendered":"http:\/\/www.elsindical.com.ar\/notas\/?p=97737"},"modified":"2020-08-07T00:54:13","modified_gmt":"2020-08-07T03:54:13","slug":"lanus-con-casi-400-casos-de-dengue-el-distrito-mas-afectado-de-la-region","status":"publish","type":"post","link":"https:\/\/www.elsindical.com.ar\/notas\/lanus-con-casi-400-casos-de-dengue-el-distrito-mas-afectado-de-la-region\/","title":{"rendered":"Lan\u00fas con casi 400 casos de Dengue, el distrito m\u00e1s afectado de la Regi\u00f3n"},"content":{"rendered":"\n<figure class=\"wp-block-image size-large\"><img loading=\"lazy\" decoding=\"async\" width=\"1024\" height=\"576\" src=\"http:\/\/www.elsindical.com.ar\/notas\/var\/www\/html\/notas\/wp-content\/uploads\/2020\/02\/mosquito-transmisor-Dengue-1024x576.jpg\" alt=\"\" class=\"wp-image-93667\" srcset=\"https:\/\/www.elsindical.com.ar\/notas\/var\/www\/html\/notas\/wp-content\/uploads\/2020\/02\/mosquito-transmisor-Dengue-1024x576.jpg 1024w, https:\/\/www.elsindical.com.ar\/notas\/var\/www\/html\/notas\/wp-content\/uploads\/2020\/02\/mosquito-transmisor-Dengue-300x169.jpg 300w, https:\/\/www.elsindical.com.ar\/notas\/var\/www\/html\/notas\/wp-content\/uploads\/2020\/02\/mosquito-transmisor-Dengue-768x432.jpg 768w, https:\/\/www.elsindical.com.ar\/notas\/var\/www\/html\/notas\/wp-content\/uploads\/2020\/02\/mosquito-transmisor-Dengue-500x281.jpg 500w, https:\/\/www.elsindical.com.ar\/notas\/var\/www\/html\/notas\/wp-content\/uploads\/2020\/02\/mosquito-transmisor-Dengue-460x260.jpg 460w, https:\/\/www.elsindical.com.ar\/notas\/var\/www\/html\/notas\/wp-content\/uploads\/2020\/02\/mosquito-transmisor-Dengue.jpg 1200w\" sizes=\"auto, (max-width: 1024px) 100vw, 1024px\" \/><\/figure>\n\n\n\n<p>Se incrementaron un 365 por ciento los casos en el distrito. En tanto, en la Regi\u00f3n el total de casos es de 1032.<\/p>\n\n\n\n<p>La epidemia del dengue contin\u00faa en aumento en la provincia de Buenos Aires. De acuerdo con los boletines epidemiol\u00f3gicos del Ministerio de Salud de la provincia de Buenos Aires, son 1.032 los casos en la Regi\u00f3n. Lan\u00fas es el distrito que reflej\u00f3 el mayor incremento de casos, con un aumento total de un 365,88 por ciento. En tanto, Lomas de Zamora, Esteban Echeverr\u00eda, Almirante Brown y Ezeiza, acumularon en lo que va del a\u00f1o 636 casos.\u00a0<\/p>\n\n\n\n<p>A trav\u00e9s de una comparaci\u00f3n realizada de los boletines epidemiol\u00f3gicos de la Semana Epidemiol\u00f3gica (SE) 22 hasta la SE 30 (24 de mayo al 25 de julio), se desprende que los casos aumentaron un 365,88 por ciento en Lan\u00fas, seguido por Esteban Echeverr\u00eda con un 190 por ciento; Almirante Brown en un 76,6 por ciento; Lomas se increment\u00f3 en un 76 por ciento; Avellaneda en un 57,62 por ciento; y por \u00faltimo Ezeiza con un 33,33 por ciento.&nbsp;<\/p>\n\n\n\n<p>El anterior per\u00edodo epidemiol\u00f3gico relevado fue el comprendido desde la SE 17 (comenz\u00f3 el 19 de abril) hasta la SE 21 (concluy\u00f3 el 23 de mayo).\u00a0<\/p>\n\n\n\n<p>En esa oportunidad, <strong>Lan\u00fas<\/strong> presentaba un total de 85 contagios pero hoy son <strong>396;<\/strong> <strong>Echeverr\u00eda<\/strong> ten\u00eda 30 caso y se incrementaron a<strong> 87<\/strong>; <strong>Brown <\/strong>ten\u00eda 47 infectados y en el \u00faltimo per\u00edodo relevado alcanz\u00f3 los <strong>83<\/strong>; <strong>Lomas <\/strong>pas\u00f3 de 125 a <strong>220<\/strong> contagios; <strong>Avellaneda <\/strong>de 151 a <strong>238<\/strong>; y <strong>Ezeiza<\/strong> de 6 a<strong> 8<\/strong> casos.\u00a0<\/p>\n\n\n\n<p>Con esas cifras, los seis distritos de la Regi\u00f3n acumularon un total de 1032 casos en lo que va del a\u00f1o, mientras que en la provincia de Buenos Aires se notificaron 2095 casos nuevos en el per\u00edodo mencionado (SE 22 a SE 30), lo cual implica un registro total de <strong>4812<\/strong> contagios.\u00a0<\/p>\n\n\n\n<h5 class=\"wp-block-heading\">Prevenci\u00f3n<\/h5>\n\n\n\n<p>\u00a0El crecimiento de casos en la provincia es alarmante y a tan solo un mes de la llegada de la primavera, desde el Ministerio de Salud solicitaron \u201ccampa\u00f1as de descacharreo por parte de los niveles locales\u201d.\u00a0<\/p>\n\n\n\n<p>\u201cDebido a la situaci\u00f3n antes mencionada y a que los huevos que deposita el vector son estructuras de resistencia que soportan bajas temperaturas, se hace necesaria la planificaci\u00f3n, por parte de los niveles locales y regionales, de campa\u00f1as de descacharrado durante el invierno, buscando as\u00ed una disminuci\u00f3n dr\u00e1stica de los mosquitos atacan las formas inmaduras, antes del comienzo de la \u00e9poca estival\u201d, indicaron en el \u00faltimo bolet\u00edn epidemiol\u00f3gico de la SE 30.\u00a0<\/p>\n\n\n\n<p>\u00a0<\/p>\n","protected":false},"excerpt":{"rendered":"<p>Se incrementaron un 365 por ciento los casos en el distrito. En tanto, en la Regi\u00f3n el total de casos es de 1032. La epidemia del dengue contin\u00faa en aumento en la provincia de Buenos Aires. De acuerdo con los boletines epidemiol\u00f3gicos del Ministerio de Salud de la provincia de Buenos Aires, son 1.032 los&hellip;<\/p>\n","protected":false},"author":1,"featured_media":93667,"comment_status":"open","ping_status":"open","sticky":false,"template":"","format":"standard","meta":{"footnotes":""},"categories":[23],"tags":[19938,8683,2450,209,305],"class_list":["post-97737","post","type-post","status-publish","format-standard","has-post-thumbnail","hentry","category-salud","tag-contagios","tag-dengue","tag-diario-el-sindical","tag-lanus","tag-muerte"],"_links":{"self":[{"href":"https:\/\/www.elsindical.com.ar\/notas\/wp-json\/wp\/v2\/posts\/97737","targetHints":{"allow":["GET"]}}],"collection":[{"href":"https:\/\/www.elsindical.com.ar\/notas\/wp-json\/wp\/v2\/posts"}],"about":[{"href":"https:\/\/www.elsindical.com.ar\/notas\/wp-json\/wp\/v2\/types\/post"}],"author":[{"embeddable":true,"href":"https:\/\/www.elsindical.com.ar\/notas\/wp-json\/wp\/v2\/users\/1"}],"replies":[{"embeddable":true,"href":"https:\/\/www.elsindical.com.ar\/notas\/wp-json\/wp\/v2\/comments?post=97737"}],"version-history":[{"count":1,"href":"https:\/\/www.elsindical.com.ar\/notas\/wp-json\/wp\/v2\/posts\/97737\/revisions"}],"predecessor-version":[{"id":97738,"href":"https:\/\/www.elsindical.com.ar\/notas\/wp-json\/wp\/v2\/posts\/97737\/revisions\/97738"}],"wp:featuredmedia":[{"embeddable":true,"href":"https:\/\/www.elsindical.com.ar\/notas\/wp-json\/wp\/v2\/media\/93667"}],"wp:attachment":[{"href":"https:\/\/www.elsindical.com.ar\/notas\/wp-json\/wp\/v2\/media?parent=97737"}],"wp:term":[{"taxonomy":"category","embeddable":true,"href":"https:\/\/www.elsindical.com.ar\/notas\/wp-json\/wp\/v2\/categories?post=97737"},{"taxonomy":"post_tag","embeddable":true,"href":"https:\/\/www.elsindical.com.ar\/notas\/wp-json\/wp\/v2\/tags?post=97737"}],"curies":[{"name":"wp","href":"https:\/\/api.w.org\/{rel}","templated":true}]}}