{"id":97734,"date":"2020-08-07T00:47:50","date_gmt":"2020-08-07T03:47:50","guid":{"rendered":"http:\/\/www.elsindical.com.ar\/notas\/?p=97734"},"modified":"2020-08-07T00:47:50","modified_gmt":"2020-08-07T03:47:50","slug":"avellaneda-se-confirmaron-cinco-decesos-por-covid-19-en-las-ultimas-horas","status":"publish","type":"post","link":"https:\/\/www.elsindical.com.ar\/notas\/avellaneda-se-confirmaron-cinco-decesos-por-covid-19-en-las-ultimas-horas\/","title":{"rendered":"Avellaneda: Se confirmaron cinco decesos por COVID-19 en las \u00faltimas horas"},"content":{"rendered":"\n<figure class=\"wp-block-image size-large\"><img loading=\"lazy\" decoding=\"async\" width=\"720\" height=\"704\" src=\"http:\/\/www.elsindical.com.ar\/notas\/var\/www\/html\/notas\/wp-content\/uploads\/2020\/08\/contagios-6-de-agosto-Avell.png\" alt=\"\" class=\"wp-image-97735\" srcset=\"https:\/\/www.elsindical.com.ar\/notas\/var\/www\/html\/notas\/wp-content\/uploads\/2020\/08\/contagios-6-de-agosto-Avell.png 720w, https:\/\/www.elsindical.com.ar\/notas\/var\/www\/html\/notas\/wp-content\/uploads\/2020\/08\/contagios-6-de-agosto-Avell-300x293.png 300w, https:\/\/www.elsindical.com.ar\/notas\/var\/www\/html\/notas\/wp-content\/uploads\/2020\/08\/contagios-6-de-agosto-Avell-307x300.png 307w, https:\/\/www.elsindical.com.ar\/notas\/var\/www\/html\/notas\/wp-content\/uploads\/2020\/08\/contagios-6-de-agosto-Avell-50x50.png 50w\" sizes=\"auto, (max-width: 720px) 100vw, 720px\" \/><\/figure>\n\n\n\n<p>Lo inform\u00f3 el Ministerio de Salud de la provincia de Buenos Aires. Son 106 las v\u00edctimas fatales.<\/p>\n\n\n\n<p>Este jueves se registraron otras cinco muertes por coronavirus en Avellaneda seg\u00fan el informe del Ministerio de Salud de la provincia de Buenos Aires. Adem\u00e1s, son casi 6.500 los casos en el distrito.<\/p>\n\n\n\n<p>De esta forma, son 106 los fallecidos en el distrito desde el inicio de la Pandemia.<\/p>\n\n\n\n<p>Adem\u00e1s, de acuerdo a la \u00faltima actualizaci\u00f3n de la \u201csala de situaci\u00f3n\u201d publicada en la p\u00e1gina de la cartera sanitaria bonaerense, 228 personas fueron diagnosticadas con Covid-19 en Avellaneda con lo que suman 6.497 los positivos, incluidas las v\u00edctimas fatales y 2.640 recuperados.<\/p>\n\n\n\n<p>La tasa de letalidad es 1,63 por ciento y los vecinos testeados alcanzan los 14.725.<\/p>\n\n\n\n<p>Asimismo, el 65,8 por ciento de los contagios fueron por transmisi\u00f3n comunitaria, 15,7 por ciento fueron por contacto estrecho, 12,9 por ciento de los casos est\u00e1n en investigaci\u00f3n, 5,2 por ciento corresponden a trabajadores de la salud y 0,1 por ciento fueron casos importados.<\/p>\n","protected":false},"excerpt":{"rendered":"<p>Lo inform\u00f3 el Ministerio de Salud de la provincia de Buenos Aires. Son 106 las v\u00edctimas fatales. Este jueves se registraron otras cinco muertes por coronavirus en Avellaneda seg\u00fan el informe del Ministerio de Salud de la provincia de Buenos Aires. Adem\u00e1s, son casi 6.500 los casos en el distrito. De esta forma, son 106&hellip;<\/p>\n","protected":false},"author":1,"featured_media":97735,"comment_status":"open","ping_status":"open","sticky":false,"template":"","format":"standard","meta":{"footnotes":""},"categories":[23],"tags":[19938,32346,32627,1062,134,22031],"class_list":["post-97734","post","type-post","status-publish","format-standard","has-post-thumbnail","hentry","category-salud","tag-contagios","tag-coronavirus","tag-covid-19","tag-jorge-ferraresi","tag-muertes","tag-salud"],"_links":{"self":[{"href":"https:\/\/www.elsindical.com.ar\/notas\/wp-json\/wp\/v2\/posts\/97734","targetHints":{"allow":["GET"]}}],"collection":[{"href":"https:\/\/www.elsindical.com.ar\/notas\/wp-json\/wp\/v2\/posts"}],"about":[{"href":"https:\/\/www.elsindical.com.ar\/notas\/wp-json\/wp\/v2\/types\/post"}],"author":[{"embeddable":true,"href":"https:\/\/www.elsindical.com.ar\/notas\/wp-json\/wp\/v2\/users\/1"}],"replies":[{"embeddable":true,"href":"https:\/\/www.elsindical.com.ar\/notas\/wp-json\/wp\/v2\/comments?post=97734"}],"version-history":[{"count":1,"href":"https:\/\/www.elsindical.com.ar\/notas\/wp-json\/wp\/v2\/posts\/97734\/revisions"}],"predecessor-version":[{"id":97736,"href":"https:\/\/www.elsindical.com.ar\/notas\/wp-json\/wp\/v2\/posts\/97734\/revisions\/97736"}],"wp:featuredmedia":[{"embeddable":true,"href":"https:\/\/www.elsindical.com.ar\/notas\/wp-json\/wp\/v2\/media\/97735"}],"wp:attachment":[{"href":"https:\/\/www.elsindical.com.ar\/notas\/wp-json\/wp\/v2\/media?parent=97734"}],"wp:term":[{"taxonomy":"category","embeddable":true,"href":"https:\/\/www.elsindical.com.ar\/notas\/wp-json\/wp\/v2\/categories?post=97734"},{"taxonomy":"post_tag","embeddable":true,"href":"https:\/\/www.elsindical.com.ar\/notas\/wp-json\/wp\/v2\/tags?post=97734"}],"curies":[{"name":"wp","href":"https:\/\/api.w.org\/{rel}","templated":true}]}}