{"id":9767,"date":"2010-09-24T20:37:14","date_gmt":"2010-09-24T23:37:14","guid":{"rendered":"http:\/\/www.elsindical.com.ar\/notas\/?p=9767"},"modified":"2010-09-24T20:37:14","modified_gmt":"2010-09-24T23:37:14","slug":"ordenan-detener-a-la-ex-cupula-de-una-comisaria-portena","status":"publish","type":"post","link":"https:\/\/www.elsindical.com.ar\/notas\/ordenan-detener-a-la-ex-cupula-de-una-comisaria-portena\/","title":{"rendered":"Ordenan detener a la ex c\u00fapula de una comisar\u00eda porte\u00f1a"},"content":{"rendered":"<p id=\"copeteNota\" style=\"text-align: justify;\"><em><a href=\"http:\/\/www.elsindical.com.ar\/notas\/var\/www\/html\/notas\/wp-content\/uploads\/2010\/07\/polic\u00eda-federal-gen\u00e9rico1.jpg\"><img loading=\"lazy\" decoding=\"async\" class=\"alignleft size-full wp-image-8118\" title=\"polic\u00eda-federal-gen\u00e9rico\" src=\"http:\/\/www.elsindical.com.ar\/notas\/var\/www\/html\/notas\/wp-content\/uploads\/2010\/07\/polic\u00eda-federal-gen\u00e9rico1.jpg\" alt=\"\" width=\"198\" height=\"226\" \/><\/a>La C\u00e1mara del Crimen lo dispuso en una causa en la que se investiga a ex integrantes de la <strong>seccional 49\u00aa de Villa Urquiza<\/strong>, procesados por asociaci\u00f3n il\u00edcita y cohecho. <strong>Se los acusa de proteger delincuentes y de otorgar \u00abzonas liberadas\u00bb<\/strong><\/em><\/p>\n<p style=\"text-align: justify;\">\u00a0<\/p>\n<p id=\"cuerpoNota\" style=\"text-align: justify;\">La Sala IV de la <strong>C\u00e1mara Nacional de Apelaciones en lo Criminal y Correccional <\/strong>confirm\u00f3 el procesamiento de nueve ex integrantes de la comisar\u00eda 49\u00aa, incluido su comisario, por <strong>asociaci\u00f3n il\u00edcita, cohecho y defraudaci\u00f3n a la administraci\u00f3n p\u00fablica<\/strong>, y orden\u00f3 la <strong>prisi\u00f3n preventiva de todos los imputados<\/strong>.<\/p>\n<p>Los procesados son: <strong>Jos\u00e9 Antonio Carranza (ex comisario<\/strong>), Fernando Daniel Echag\u00fce, Horacio Ricardo Ponce, Jorge Andr\u00e9s Altuna, Luis Alberto Gonz\u00e1lez, Gabriel Sebasti\u00e1n Bellusci, Cristian Omar Ochoa, Carlos Alberto Marcos y Cristian N\u00e9stor Pav\u00f3n, todos pasados a disponibilidad.<\/p>\n<p>Seg\u00fan los jueces,<strong> los polic\u00edas imputados \u201cintegraban una organizaci\u00f3n destinada a perpetrar distintos actos de corrupci\u00f3n<\/strong>, utilizando en provecho propio y de terceros los recursos y atribuciones que les fueran confiados en cuanto funcionarios p\u00fablicos encargados de la prevenci\u00f3n de delitos\u201d.<\/p>\n<p>\u201cLas pruebas rese\u00f1adas sustentan la calificaci\u00f3n legal escogida por el juez de grado, por cuanto acreditan que <strong>los aqu\u00ed encausados, en su condici\u00f3n de integrantes de la Polic\u00eda Federal, montaron en la Seccional 49\u00aa, una estructura jer\u00e1rquica paralela destinada a perpetrar distintos actos de corrupci\u00f3n<\/strong>, utilizando en provecho propio y de terceros los recursos y atribuciones que les fueran confiados en cuanto funcionarios p\u00fablicos encargados, parad\u00f3jicamente, de la prevenci\u00f3n de delitos\u201d, agregaron los camaristas.<\/p>\n","protected":false},"excerpt":{"rendered":"<p>La C\u00e1mara del Crimen lo dispuso en una causa en la que se investiga a ex integrantes de la seccional 49\u00aa de Villa Urquiza, procesados por asociaci\u00f3n il\u00edcita y cohecho. Se los acusa de proteger delincuentes y de otorgar \u00abzonas liberadas\u00bb \u00a0 La Sala IV de la C\u00e1mara Nacional de Apelaciones en lo Criminal y&hellip;<\/p>\n","protected":false},"author":1,"featured_media":0,"comment_status":"open","ping_status":"open","sticky":false,"template":"","format":"standard","meta":{"footnotes":""},"categories":[22],"tags":[4726,4724,581,742,502,3058,2339,4725],"class_list":["post-9767","post","type-post","status-publish","format-standard","hentry","category-policiales","tag-camara-del-crimen","tag-comisaria-49","tag-delincuentes","tag-detenidos","tag-policia-federal-argentina","tag-procesados","tag-villa-urquiza","tag-zonas-liberadas"],"_links":{"self":[{"href":"https:\/\/www.elsindical.com.ar\/notas\/wp-json\/wp\/v2\/posts\/9767","targetHints":{"allow":["GET"]}}],"collection":[{"href":"https:\/\/www.elsindical.com.ar\/notas\/wp-json\/wp\/v2\/posts"}],"about":[{"href":"https:\/\/www.elsindical.com.ar\/notas\/wp-json\/wp\/v2\/types\/post"}],"author":[{"embeddable":true,"href":"https:\/\/www.elsindical.com.ar\/notas\/wp-json\/wp\/v2\/users\/1"}],"replies":[{"embeddable":true,"href":"https:\/\/www.elsindical.com.ar\/notas\/wp-json\/wp\/v2\/comments?post=9767"}],"version-history":[{"count":1,"href":"https:\/\/www.elsindical.com.ar\/notas\/wp-json\/wp\/v2\/posts\/9767\/revisions"}],"predecessor-version":[{"id":9768,"href":"https:\/\/www.elsindical.com.ar\/notas\/wp-json\/wp\/v2\/posts\/9767\/revisions\/9768"}],"wp:attachment":[{"href":"https:\/\/www.elsindical.com.ar\/notas\/wp-json\/wp\/v2\/media?parent=9767"}],"wp:term":[{"taxonomy":"category","embeddable":true,"href":"https:\/\/www.elsindical.com.ar\/notas\/wp-json\/wp\/v2\/categories?post=9767"},{"taxonomy":"post_tag","embeddable":true,"href":"https:\/\/www.elsindical.com.ar\/notas\/wp-json\/wp\/v2\/tags?post=9767"}],"curies":[{"name":"wp","href":"https:\/\/api.w.org\/{rel}","templated":true}]}}