{"id":97643,"date":"2020-08-02T12:03:06","date_gmt":"2020-08-02T15:03:06","guid":{"rendered":"http:\/\/www.elsindical.com.ar\/notas\/?p=97643"},"modified":"2020-08-02T12:03:06","modified_gmt":"2020-08-02T15:03:06","slug":"avellaneda-allanamiento-secuestro-de-armas-de-guerra-drogas-aprhension-profugo-de-homicidio","status":"publish","type":"post","link":"https:\/\/www.elsindical.com.ar\/notas\/avellaneda-allanamiento-secuestro-de-armas-de-guerra-drogas-aprhension-profugo-de-homicidio\/","title":{"rendered":"Avellaneda: Allanamiento, secuestro de armas de guerra, drogas, aprhensi\u00f3n pr\u00f3fugo de homicidio"},"content":{"rendered":"\n<figure class=\"wp-block-image size-large\"><img loading=\"lazy\" decoding=\"async\" width=\"1024\" height=\"597\" src=\"http:\/\/www.elsindical.com.ar\/notas\/var\/www\/html\/notas\/wp-content\/uploads\/2020\/08\/isdhfuid-1024x597.jpg\" alt=\"\" class=\"wp-image-97644\" srcset=\"https:\/\/www.elsindical.com.ar\/notas\/var\/www\/html\/notas\/wp-content\/uploads\/2020\/08\/isdhfuid-1024x597.jpg 1024w, https:\/\/www.elsindical.com.ar\/notas\/var\/www\/html\/notas\/wp-content\/uploads\/2020\/08\/isdhfuid-300x175.jpg 300w, https:\/\/www.elsindical.com.ar\/notas\/var\/www\/html\/notas\/wp-content\/uploads\/2020\/08\/isdhfuid-768x447.jpg 768w, https:\/\/www.elsindical.com.ar\/notas\/var\/www\/html\/notas\/wp-content\/uploads\/2020\/08\/isdhfuid-500x291.jpg 500w, https:\/\/www.elsindical.com.ar\/notas\/var\/www\/html\/notas\/wp-content\/uploads\/2020\/08\/isdhfuid.jpg 1217w\" sizes=\"auto, (max-width: 1024px) 100vw, 1024px\" \/><\/figure>\n\n\n\n<p>ALLANAMIENTO URGENCIA DETENIDOS SECUESTRO DE DROGA ARMAS DE GUERRA Y CHALECO ANTIBALAS DE ESTA POLICIA CON SECUESTRO DE FCIO VARELA 1ra SR AMBA SUR -I EPDS AVELLANEDA.-<br>FECHA: 02\/08\/20<br>PCIR. INFORME: Fecha, y ampliando m\u00edo tras realizarse oportunamente 17 allanamientos en Villa Tranquila, POR COMERCIO DE ESTUPEFACIENTES y tomando conocimiento que 2 cabecillas PR\u00d3FUGOS con orden de DETENCI\u00d3N se encontrar\u00edan en una vivienda del Barrio Lever \u2013 Villa Tranquila, ; se pone en conocimiento a la Dra. Garibaldi \u2013 Agente Fiscal de UFI 04, quien autoriza previa comunicaci\u00f3n con Jueza de Garant\u00edas, allanamiento en urgencia, donde se efectiviz\u00f3 la DETENCI\u00d3N de GUSTAVO ADRI\u00c1N MOREIRA, apodado \u00abEL RABO\u00bb, argentino de 37 a\u00f1os y de CRISTIAN MEDINA apodado \u00abLINTERNA\u00bb, argentino de 33 a\u00f1os, siendo que este \u00faltimo ademas registra una segunda orden de detenci\u00f3n en causa \u201cHOMICIDIO AGRAVADO POR HABER SIDO COMETIDO MEDIANTE EL EMPLEO DE UN ARMA DE FUEGO EN GRADO DE TENTATIVA\u201d, tramitada ante la UFI Descentralizada Nro. 01 de Avellaneda, Juzgado de Garant\u00edas Nro. 10 , se procedi\u00f3 al secuestro de una pistola Browning cal. 09 mm. con cargador y cinco municiones, un revolver cal. 38 con numeraci\u00f3n suprimida y carga completa, una carabina cal. 22 semi autom\u00e1tica TIPO FUSIL marca WALTHER serie WP004119 con mira telesc\u00f3pica que posee cargador colocado con 09 (nueve) municiones del mismo calibre y una en recamara;la cual cursada por Monitoreo, registra pedido de secuestro activo de fecha 27 de Junio de 2014 a requerimiento de Patrulla Rural de Necochea con intervenci\u00f3n de la U.F.I. 01 de dicha ciudad, un chaleco antibalas serie numero E19520 con escudo de la Polic\u00eda de la Provincia de Buenos Aires, el cual cursado a Monitoreo, surge que registra pedido de secuestro de fecha 15\/02\/2020 a requerimiento de la Seccional 1era. De Florencio Varela, con intervenci\u00f3n de la U.F.I. Descentralizada Nro. 01 de Florencio Varela, un cargador de treinta municiones que cuenta con ocho municiones del calibre 09 mm., una bolsa que contiene catorce (14) municiones del calibre 38 Special, cinco (05) municiones calibre 32, tres tel\u00e9fonos celulares, U$s 324, Euros 10, $ 37.360, la cantidad de 36,5 grs. de coca\u00edna y recortes varios. Una vez efectuada las detenciones y secuestros, se dio conocimiento a la Dra. Garibaldi, quien avala la detenci\u00f3n de ambos Es cuanto inform\u00f3 .<\/p>\n\n\n\n<figure class=\"wp-block-image size-large\"><img loading=\"lazy\" decoding=\"async\" width=\"572\" height=\"767\" src=\"http:\/\/www.elsindical.com.ar\/notas\/var\/www\/html\/notas\/wp-content\/uploads\/2020\/08\/iahsido.jpg\" alt=\"\" class=\"wp-image-97645\" srcset=\"https:\/\/www.elsindical.com.ar\/notas\/var\/www\/html\/notas\/wp-content\/uploads\/2020\/08\/iahsido.jpg 572w, https:\/\/www.elsindical.com.ar\/notas\/var\/www\/html\/notas\/wp-content\/uploads\/2020\/08\/iahsido-224x300.jpg 224w\" sizes=\"auto, (max-width: 572px) 100vw, 572px\" \/><\/figure>\n\n\n\n<figure class=\"wp-block-image size-large\"><img loading=\"lazy\" decoding=\"async\" width=\"582\" height=\"759\" src=\"http:\/\/www.elsindical.com.ar\/notas\/var\/www\/html\/notas\/wp-content\/uploads\/2020\/08\/huiashdos.jpg\" alt=\"\" class=\"wp-image-97646\" srcset=\"https:\/\/www.elsindical.com.ar\/notas\/var\/www\/html\/notas\/wp-content\/uploads\/2020\/08\/huiashdos.jpg 582w, https:\/\/www.elsindical.com.ar\/notas\/var\/www\/html\/notas\/wp-content\/uploads\/2020\/08\/huiashdos-230x300.jpg 230w\" sizes=\"auto, (max-width: 582px) 100vw, 582px\" \/><\/figure>\n\n\n\n<iframe loading=\"lazy\" width=\"580\" height=\"420\" src=\"https:\/\/www.youtube.com\/embed\/XsliCIarxRc\" frameborder=\"0\" allow=\"accelerometer; autoplay; encrypted-media; gyroscope; picture-in-picture\" allowfullscreen><\/iframe>\n","protected":false},"excerpt":{"rendered":"<p>ALLANAMIENTO URGENCIA DETENIDOS SECUESTRO DE DROGA ARMAS DE GUERRA Y CHALECO ANTIBALAS DE ESTA POLICIA CON SECUESTRO DE FCIO VARELA 1ra SR AMBA SUR -I EPDS AVELLANEDA.-FECHA: 02\/08\/20PCIR. INFORME: Fecha, y ampliando m\u00edo tras realizarse oportunamente 17 allanamientos en Villa Tranquila, POR COMERCIO DE ESTUPEFACIENTES y tomando conocimiento que 2 cabecillas PR\u00d3FUGOS con orden de&hellip;<\/p>\n","protected":false},"author":1,"featured_media":97644,"comment_status":"open","ping_status":"open","sticky":false,"template":"","format":"standard","meta":{"footnotes":""},"categories":[22],"tags":[138,2789,1211,2450,382,30768,32890,32891,1796],"class_list":["post-97643","post","type-post","status-publish","format-standard","has-post-thumbnail","hentry","category-policiales","tag-allanamiento","tag-armas-de-guerra","tag-chaleco-antibalas","tag-diario-el-sindical","tag-drogas","tag-profugo-homicidio","tag-superintendencia-region-amba-sur-i","tag-superintendente-javier-carlos-villar","tag-villa-tranquila"],"_links":{"self":[{"href":"https:\/\/www.elsindical.com.ar\/notas\/wp-json\/wp\/v2\/posts\/97643","targetHints":{"allow":["GET"]}}],"collection":[{"href":"https:\/\/www.elsindical.com.ar\/notas\/wp-json\/wp\/v2\/posts"}],"about":[{"href":"https:\/\/www.elsindical.com.ar\/notas\/wp-json\/wp\/v2\/types\/post"}],"author":[{"embeddable":true,"href":"https:\/\/www.elsindical.com.ar\/notas\/wp-json\/wp\/v2\/users\/1"}],"replies":[{"embeddable":true,"href":"https:\/\/www.elsindical.com.ar\/notas\/wp-json\/wp\/v2\/comments?post=97643"}],"version-history":[{"count":1,"href":"https:\/\/www.elsindical.com.ar\/notas\/wp-json\/wp\/v2\/posts\/97643\/revisions"}],"predecessor-version":[{"id":97647,"href":"https:\/\/www.elsindical.com.ar\/notas\/wp-json\/wp\/v2\/posts\/97643\/revisions\/97647"}],"wp:featuredmedia":[{"embeddable":true,"href":"https:\/\/www.elsindical.com.ar\/notas\/wp-json\/wp\/v2\/media\/97644"}],"wp:attachment":[{"href":"https:\/\/www.elsindical.com.ar\/notas\/wp-json\/wp\/v2\/media?parent=97643"}],"wp:term":[{"taxonomy":"category","embeddable":true,"href":"https:\/\/www.elsindical.com.ar\/notas\/wp-json\/wp\/v2\/categories?post=97643"},{"taxonomy":"post_tag","embeddable":true,"href":"https:\/\/www.elsindical.com.ar\/notas\/wp-json\/wp\/v2\/tags?post=97643"}],"curies":[{"name":"wp","href":"https:\/\/api.w.org\/{rel}","templated":true}]}}