{"id":97582,"date":"2020-07-30T22:48:18","date_gmt":"2020-07-31T01:48:18","guid":{"rendered":"http:\/\/www.elsindical.com.ar\/notas\/?p=97582"},"modified":"2020-07-30T22:48:18","modified_gmt":"2020-07-31T01:48:18","slug":"almirante-brown-detienen-a-una-pareja-por-el-crimen-de-fernando-marino","status":"publish","type":"post","link":"https:\/\/www.elsindical.com.ar\/notas\/almirante-brown-detienen-a-una-pareja-por-el-crimen-de-fernando-marino\/","title":{"rendered":"Almirante Brown: Detienen a una pareja por el crimen de Fernando Marino"},"content":{"rendered":"\n<figure class=\"wp-block-image size-large is-resized\"><img loading=\"lazy\" decoding=\"async\" src=\"http:\/\/www.elsindical.com.ar\/notas\/var\/www\/html\/notas\/wp-content\/uploads\/2020\/07\/motochorros-asesinos-Adrogu\u00e9.png\" alt=\"\" class=\"wp-image-97583\" width=\"589\" height=\"380\" srcset=\"https:\/\/www.elsindical.com.ar\/notas\/var\/www\/html\/notas\/wp-content\/uploads\/2020\/07\/motochorros-asesinos-Adrogu\u00e9.png 963w, https:\/\/www.elsindical.com.ar\/notas\/var\/www\/html\/notas\/wp-content\/uploads\/2020\/07\/motochorros-asesinos-Adrogu\u00e9-300x194.png 300w, https:\/\/www.elsindical.com.ar\/notas\/var\/www\/html\/notas\/wp-content\/uploads\/2020\/07\/motochorros-asesinos-Adrogu\u00e9-768x496.png 768w, https:\/\/www.elsindical.com.ar\/notas\/var\/www\/html\/notas\/wp-content\/uploads\/2020\/07\/motochorros-asesinos-Adrogu\u00e9-464x300.png 464w\" sizes=\"auto, (max-width: 589px) 100vw, 589px\" \/><\/figure>\n\n\n\n<p class=\"wp-block-paragraph\">Fue en Burzaco como consecuencia de un allanamiento ordenado por el juez de la causa. Adem\u00e1s, secuestraron un chaleco negro similar al que portaba uno de los dos \u201cmotochorros\u201d.<\/p>\n\n\n\n<p class=\"wp-block-paragraph\">Dos j\u00f3venes fueron detenidos este mi\u00e9rcoles en Burzaco, partido de Almirante Brown, acusados de ser los dos \u201cmotochorros\u201d que asesinaron de un balazo a Fernando Marino (28) en Adrogu\u00e9, y que quedaron registrados en una c\u00e1mara de seguridad.<\/p>\n\n\n\n<p class=\"wp-block-paragraph\">Se trata de una pareja, cuya captura se concret\u00f3 luego de cinco allanamientos pedidos por el fiscal Gerardo Mohoraz, de la Unidad Fiscal de Instrucci\u00f3n (UFI) 6 del Departamento Judicial de Lomas de Zamora, y ordenados por el juez de Garant\u00edas Gabriel Vitale, en el marco de la causa por el crimen de Marino, asesinado este 27 de julio en Adrogu\u00e9.<\/p>\n\n\n\n<p class=\"wp-block-paragraph\">Voceros judiciales y de la fuerza informaron a la agencia estatal T\u00e9lam que ambos acusados, identificados por la Polic\u00eda como Mauro (25) y Johanna (29), fueron aprehendidos en la casa de los padres de uno de ellos, en Burzaco. En tanto, los efectivos de la Comisar\u00eda de Adrogu\u00e9 secuestraron una pistola Browning calibre 9 mil\u00edmetros cargada y con la numeraci\u00f3n suprimida y dos motos azules, una Honda 300 y otra Brava Altino 150.<\/p>\n\n\n\n<p class=\"wp-block-paragraph\">Asimismo, los polic\u00edas se incautaron de un chaleco negro similar al que portaba uno de los dos \u201cmotochorros\u201d que quedaron registrados en una c\u00e1mara de seguridad, tres tel\u00e9fonos celulares y un neum\u00e1tico trasero.<\/p>\n\n\n\n<p class=\"wp-block-paragraph\">De acuerdo a las fuentes, ambos imputados fueron se\u00f1alados por un testigo, por lo que los investigadores comenzaron a realizar un seguimiento de sus cuentas de Facebook, que fueron cerradas en las \u00faltimas horas y en las que previamente hab\u00edan borrado fotos.<\/p>\n\n\n\n<p class=\"wp-block-paragraph\">Los integrantes de la pareja ser\u00e1n indagados en las pr\u00f3ximas horas por el fiscal Mohoraz, en una causa que cuenta con la colaboraci\u00f3n de su colega Mabel Lois.<\/p>\n\n\n\n<h5 class=\"wp-block-heading\">El hecho<\/h5>\n\n\n\n<p class=\"wp-block-paragraph\">El hecho tuvo lugar el 27 de julio pasado en la calle Rep\u00fablica de Italia al 900 en Adrogu\u00e9, partido de Almirante Brown, a donde Fernando hab\u00eda acudido para entregar un pedido. Dos delincuentes se acercaron en moto y, ante alg\u00fan movimiento extra\u00f1o, le dispararon a Fernando y escaparon. La camioneta sigui\u00f3 unos metros y la v\u00edctima cay\u00f3 al piso, para luego ser socorrido por los vecinos.<\/p>\n\n\n\n<p class=\"wp-block-paragraph\">Alertado, un patrullero se acerc\u00f3 al lugar del hecho e intentaron socorrer a Fernando, Por la demora de la ambulancia, el mismo m\u00f3vil lo llev\u00f3 al hospital Lucio Mel\u00e9ndez, donde finalmente, horas despu\u00e9s, falleci\u00f3.<\/p>\n\n\n\n<p class=\"wp-block-paragraph\">\u201cEstamos todos destruidos\u201c, afirm\u00f3 Mat\u00edas, primo de Fernando Marino, luego de que despidieran sus restos. \u201cFue un momento dif\u00edcil porque hoy tuvimos el \u00faltimo adi\u00f3s. La verdad que el clima es de mucha tristeza, dolor e impotencia. Tenemos la sensaci\u00f3n que nos sacaron a un ser querido por nada. Fue simplemente un capricho de dos tipos\u201d, explic\u00f3 el familiar de la v\u00edctima.<\/p>\n","protected":false},"excerpt":{"rendered":"<p>Fue en Burzaco como consecuencia de un allanamiento ordenado por el juez de la causa. Adem\u00e1s, secuestraron un chaleco negro similar al que portaba uno de los dos \u201cmotochorros\u201d. Dos j\u00f3venes fueron detenidos este mi\u00e9rcoles en Burzaco, partido de Almirante Brown, acusados de ser los dos \u201cmotochorros\u201d que asesinaron de un balazo a Fernando Marino&hellip;<\/p>\n","protected":false},"author":1,"featured_media":97583,"comment_status":"open","ping_status":"open","sticky":false,"template":"","format":"standard","meta":{"footnotes":""},"categories":[22],"tags":[4241,2670,1964,3596,2450,33352],"class_list":["post-97582","post","type-post","status-publish","format-standard","has-post-thumbnail","hentry","category-policiales","tag-adrogue","tag-almirante-brown","tag-asesinos","tag-burzaco","tag-diario-el-sindical","tag-fernando-marino"],"_links":{"self":[{"href":"https:\/\/www.elsindical.com.ar\/notas\/wp-json\/wp\/v2\/posts\/97582","targetHints":{"allow":["GET"]}}],"collection":[{"href":"https:\/\/www.elsindical.com.ar\/notas\/wp-json\/wp\/v2\/posts"}],"about":[{"href":"https:\/\/www.elsindical.com.ar\/notas\/wp-json\/wp\/v2\/types\/post"}],"author":[{"embeddable":true,"href":"https:\/\/www.elsindical.com.ar\/notas\/wp-json\/wp\/v2\/users\/1"}],"replies":[{"embeddable":true,"href":"https:\/\/www.elsindical.com.ar\/notas\/wp-json\/wp\/v2\/comments?post=97582"}],"version-history":[{"count":1,"href":"https:\/\/www.elsindical.com.ar\/notas\/wp-json\/wp\/v2\/posts\/97582\/revisions"}],"predecessor-version":[{"id":97584,"href":"https:\/\/www.elsindical.com.ar\/notas\/wp-json\/wp\/v2\/posts\/97582\/revisions\/97584"}],"wp:featuredmedia":[{"embeddable":true,"href":"https:\/\/www.elsindical.com.ar\/notas\/wp-json\/wp\/v2\/media\/97583"}],"wp:attachment":[{"href":"https:\/\/www.elsindical.com.ar\/notas\/wp-json\/wp\/v2\/media?parent=97582"}],"wp:term":[{"taxonomy":"category","embeddable":true,"href":"https:\/\/www.elsindical.com.ar\/notas\/wp-json\/wp\/v2\/categories?post=97582"},{"taxonomy":"post_tag","embeddable":true,"href":"https:\/\/www.elsindical.com.ar\/notas\/wp-json\/wp\/v2\/tags?post=97582"}],"curies":[{"name":"wp","href":"https:\/\/api.w.org\/{rel}","templated":true}]}}