{"id":97552,"date":"2020-07-29T09:12:17","date_gmt":"2020-07-29T12:12:17","guid":{"rendered":"http:\/\/www.elsindical.com.ar\/notas\/?p=97552"},"modified":"2020-07-29T09:12:18","modified_gmt":"2020-07-29T12:12:18","slug":"aumento-salarial-para-vigiladores-de-seguridad-privada","status":"publish","type":"post","link":"https:\/\/www.elsindical.com.ar\/notas\/aumento-salarial-para-vigiladores-de-seguridad-privada\/","title":{"rendered":"Aumento salarial para VIGILADORES de Seguridad Privada"},"content":{"rendered":"\n<figure class=\"wp-block-image size-large\"><img loading=\"lazy\" decoding=\"async\" width=\"1004\" height=\"541\" src=\"http:\/\/www.elsindical.com.ar\/notas\/var\/www\/html\/notas\/wp-content\/uploads\/2020\/07\/SUTCAPRA-Vigilancia-1.jpeg\" alt=\"\" class=\"wp-image-97553\" srcset=\"https:\/\/www.elsindical.com.ar\/notas\/var\/www\/html\/notas\/wp-content\/uploads\/2020\/07\/SUTCAPRA-Vigilancia-1.jpeg 1004w, https:\/\/www.elsindical.com.ar\/notas\/var\/www\/html\/notas\/wp-content\/uploads\/2020\/07\/SUTCAPRA-Vigilancia-1-300x162.jpeg 300w, https:\/\/www.elsindical.com.ar\/notas\/var\/www\/html\/notas\/wp-content\/uploads\/2020\/07\/SUTCAPRA-Vigilancia-1-768x414.jpeg 768w, https:\/\/www.elsindical.com.ar\/notas\/var\/www\/html\/notas\/wp-content\/uploads\/2020\/07\/SUTCAPRA-Vigilancia-1-500x269.jpeg 500w\" sizes=\"auto, (max-width: 1004px) 100vw, 1004px\" \/><\/figure>\n\n\n\n<p class=\"wp-block-paragraph\">COMUNICADO DE PRENSA &#8211; 29 de julio de 2020<\/p>\n\n\n\n<p class=\"wp-block-paragraph\"><strong>SUTCAPRA LOGR\u00d3 AUMENTOS PARA VIGILADORES DE SEGURIDAD PRIVADA<\/strong><\/p>\n\n\n\n<p class=\"wp-block-paragraph\">La Rama de Vigilancia y Custodia del Sindicato \u00danico de Trabajadores de Control de Admisi\u00f3n y Permanencia de la Rep\u00fablica Argentina (SUTCAPRA) acord\u00f3 ayer un incremento salarial para los trabajadores de Securitas, una de las principales firma de la actividad.<\/p>\n\n\n\n<p class=\"wp-block-paragraph\">El entendimiento se compone de un aumento de 4 mil pesos en los salarios b\u00e1sicos y, seg\u00fan adelantaron desde el sindicato \u00aben las pr\u00f3ximas horas el aumento se extender\u00e1 al resto de los trabajadores de la seguridad privada\u00bb.<\/p>\n\n\n\n<p class=\"wp-block-paragraph\">&nbsp;\u00abCon este acuerdo, conseguido con la lucha de SUTCAPRA, los sueldos subir\u00e1n en un 10% llevando al b\u00e1sico de la actividad a los 35 mil pesos\u00bb,&nbsp;explicaron en un comunicado de prensa.<\/p>\n\n\n\n<p class=\"wp-block-paragraph\">El gremio \u00abquebr\u00f3 la resistencia empresaria siendo protagonista de este acuerdo, que en las pr\u00f3ximos horas ser\u00e1 replicado en el resto de las firma del sector\u00bb.<br><br>\u00abHemos dado un gran paso, que es fruto de la constante pelea de nuestra organizaci\u00f3n y los compa\u00f1eros delegados de la Rama\u00bb, concluy\u00f3 el comunicado que lleva la firma de Leandro Nazarre.<\/p>\n\n\n\n<figure class=\"wp-block-image size-large\"><img loading=\"lazy\" decoding=\"async\" width=\"1008\" height=\"756\" src=\"http:\/\/www.elsindical.com.ar\/notas\/var\/www\/html\/notas\/wp-content\/uploads\/2020\/07\/SUTCAPRA-Vigilancia-2.jpeg\" alt=\"\" class=\"wp-image-97554\" srcset=\"https:\/\/www.elsindical.com.ar\/notas\/var\/www\/html\/notas\/wp-content\/uploads\/2020\/07\/SUTCAPRA-Vigilancia-2.jpeg 1008w, https:\/\/www.elsindical.com.ar\/notas\/var\/www\/html\/notas\/wp-content\/uploads\/2020\/07\/SUTCAPRA-Vigilancia-2-300x225.jpeg 300w, https:\/\/www.elsindical.com.ar\/notas\/var\/www\/html\/notas\/wp-content\/uploads\/2020\/07\/SUTCAPRA-Vigilancia-2-768x576.jpeg 768w, https:\/\/www.elsindical.com.ar\/notas\/var\/www\/html\/notas\/wp-content\/uploads\/2020\/07\/SUTCAPRA-Vigilancia-2-400x300.jpeg 400w\" sizes=\"auto, (max-width: 1008px) 100vw, 1008px\" \/><\/figure>\n","protected":false},"excerpt":{"rendered":"<p>COMUNICADO DE PRENSA &#8211; 29 de julio de 2020 SUTCAPRA LOGR\u00d3 AUMENTOS PARA VIGILADORES DE SEGURIDAD PRIVADA La Rama de Vigilancia y Custodia del Sindicato \u00danico de Trabajadores de Control de Admisi\u00f3n y Permanencia de la Rep\u00fablica Argentina (SUTCAPRA) acord\u00f3 ayer un incremento salarial para los trabajadores de Securitas, una de las principales firma de&hellip;<\/p>\n","protected":false},"author":1,"featured_media":97553,"comment_status":"open","ping_status":"open","sticky":false,"template":"","format":"standard","meta":{"footnotes":""},"categories":[16],"tags":[3221,2450,30314,4600],"class_list":["post-97552","post","type-post","status-publish","format-standard","has-post-thumbnail","hentry","category-gremiales","tag-aumento-salarial","tag-diario-el-sindical","tag-seguridad-privada","tag-vigiladores"],"_links":{"self":[{"href":"https:\/\/www.elsindical.com.ar\/notas\/wp-json\/wp\/v2\/posts\/97552","targetHints":{"allow":["GET"]}}],"collection":[{"href":"https:\/\/www.elsindical.com.ar\/notas\/wp-json\/wp\/v2\/posts"}],"about":[{"href":"https:\/\/www.elsindical.com.ar\/notas\/wp-json\/wp\/v2\/types\/post"}],"author":[{"embeddable":true,"href":"https:\/\/www.elsindical.com.ar\/notas\/wp-json\/wp\/v2\/users\/1"}],"replies":[{"embeddable":true,"href":"https:\/\/www.elsindical.com.ar\/notas\/wp-json\/wp\/v2\/comments?post=97552"}],"version-history":[{"count":1,"href":"https:\/\/www.elsindical.com.ar\/notas\/wp-json\/wp\/v2\/posts\/97552\/revisions"}],"predecessor-version":[{"id":97555,"href":"https:\/\/www.elsindical.com.ar\/notas\/wp-json\/wp\/v2\/posts\/97552\/revisions\/97555"}],"wp:featuredmedia":[{"embeddable":true,"href":"https:\/\/www.elsindical.com.ar\/notas\/wp-json\/wp\/v2\/media\/97553"}],"wp:attachment":[{"href":"https:\/\/www.elsindical.com.ar\/notas\/wp-json\/wp\/v2\/media?parent=97552"}],"wp:term":[{"taxonomy":"category","embeddable":true,"href":"https:\/\/www.elsindical.com.ar\/notas\/wp-json\/wp\/v2\/categories?post=97552"},{"taxonomy":"post_tag","embeddable":true,"href":"https:\/\/www.elsindical.com.ar\/notas\/wp-json\/wp\/v2\/tags?post=97552"}],"curies":[{"name":"wp","href":"https:\/\/api.w.org\/{rel}","templated":true}]}}